{"id":1835,"date":"2021-09-25T13:33:34","date_gmt":"2021-09-25T13:33:34","guid":{"rendered":"http:\/\/sites.senat.ro\/?p=1835"},"modified":"2022-01-27T11:56:39","modified_gmt":"2022-01-27T11:56:39","slug":"reuniunea-parlamentara-cu-tema-consolidarea-sistemului-comercial-multilateral-prin-guvernarea-echitabila-a-muncii-29-septembrie-2021","status":"publish","type":"post","link":"https:\/\/sites.senat.ro\/?p=1835","title":{"rendered":"Reuniunea parlamentar\u0103 cu tema \u201dConsolidarea sistemului comercial multilateral prin guvernarea echitabil\u0103 a muncii\u201d (29 septembrie 2021)"},"content":{"rendered":"<p><img loading=\"lazy\" decoding=\"async\" class=\"size-medium wp-image-1838 alignleft\" src=\"https:\/\/sites.senat.ro\/wp-content\/uploads\/sites\/2\/2022\/01\/Captur\u0103_reuniune-29sept-300x172.jpg\" alt=\"\" width=\"300\" height=\"172\" srcset=\"https:\/\/sites.senat.ro\/wp-content\/uploads\/2022\/01\/Captur\u0103_reuniune-29sept-300x172.jpg 300w, https:\/\/sites.senat.ro\/wp-content\/uploads\/2022\/01\/Captur\u0103_reuniune-29sept.jpg 367w\" sizes=\"auto, (max-width: 300px) 100vw, 300px\" \/><a href=\"https:\/\/www.ipu.org\/event\/parliamentary-session-strengthening-multilateral-trading-system-through-equitable-governance-work#event-sub-page-documents\/\">Evenimentul virtual<\/a>, organizat de UIP \u0219i Parlamentul European, a fost moderat de&nbsp; copre\u0219edin\u021bii Conferin\u021bei parlamentare privind OMC, Bernd Lange, deputat \u00een Parlamentul European, \u0219i Manzoor Nadir, pre\u0219edintele Parlamentului Guyanei, \u0219i a avut loc \u00een contextul Forumului public anual al OMC (28 septembrie &#8211; 1 octombrie 2021). Din partea GRUI a participat deputata <strong>Mara-Daniela Calista<\/strong>, membr\u0103 a Comitetului Director.<\/p>\n<p>\u00cen cadrul dezbaterilor, s-a amintit c\u0103 aspectele referitoare la dreptul muncii au devenit din ce \u00een ce mai relevante \u00een ultimii ani, fiind integrate \u00een acordurile de liber schimb, bilaterale \u0219i multilaterale, cum ar fi, spre exemplu, cele care implic\u0103 UE, unde ratificarea anumitor conven\u021bii ale Organiza\u021biei Interna\u021bionale a Muncii este stipulat\u0103 ca o necesitate sau unele acorduri comerciale recente, precum Acordul SUA-Mexic-Canada, care includ prevederi noi \u0219i foarte clare privind drepturile lucr\u0103torilor.<\/p>\n<p>Participan\u021bii au subliniat: importan\u021ba celui de-al 8-lea Obiectiv al Dezvolt\u0103rii Durabile, care se concentreaz\u0103 pe cre\u0219terea economic\u0103 durabil\u0103 \u0219i munca decent\u0103; leg\u0103turile dintre comer\u021b \u0219i standardele sociale \u0219i de mediu, care suscit\u0103 un interes din ce \u00een ce mai mare \u00een \u00eentreaga lume; rolul OMC \u00een protec\u021bia lucr\u0103torilor \u0219i a drepturilor acestora \u0219i impactul Organiza\u021biei asupra cre\u0219terii \u0219i dezvolt\u0103rii economice.<\/p>\n<p>\u00cen continuarea dezbaterilor, Marva Corley-Coulibaly, \u0219efa Unit\u0103\u021bii globalizare, competitivitate \u0219i standarde de munc\u0103 din cadrul Organiza\u021biei Interna\u021bionale a Muncii (OIM) a f\u0103cut o prezentare de ansamblu a prevederilor privind for\u021ba de munc\u0103 din acordurile comerciale, preciz\u00e2nd c\u0103, \u00een prezent, o treime din acordurile comerciale regionale con\u021bin dispozi\u021bii care fac referire la munca for\u021bat\u0103, munca copiilor \u0219i securitatea \u0219i s\u0103n\u0103tatea \u00een munc\u0103. Cercet\u0103rile demonstreaz\u0103 c\u0103 aceste prevederi sporesc cooperarea dintre OIM \u0219i OMC, reprezent\u00e2nd o modalitate de consolidare a cadrului multilateral \u00een jurul guvernan\u021bei echitabile a muncii, a ar\u0103tat oficialul OIM.<\/p>\n<p>La finalul reuniunii, a avut loc un schimb de opinii privind modul \u00een care digitalizarea schimb\u0103 organizarea muncii \u0219i afecteaz\u0103 drepturile lucr\u0103torilor.<\/p>\n","protected":false},"excerpt":{"rendered":"<p>Evenimentul virtual, organizat de UIP \u0219i Parlamentul European, a fost moderat de&nbsp; copre\u0219edin\u021bii Conferin\u021bei parlamentare privind OMC, Bernd Lange, deputat \u00een Parlamentul European, \u0219i Manzoor Nadir, pre\u0219edintele Parlamentului Guyanei, \u0219i a avut loc \u00een contextul Forumului public anual al OMC (28 septembrie &#8211; 1 octombrie 2021). Din partea GRUI a participat deputata Mara-Daniela Calista, membr\u0103 [&hellip;]<\/p>\n","protected":false},"author":2,"featured_media":0,"comment_status":"closed","ping_status":"open","sticky":false,"template":"","format":"standard","meta":{"ngg_post_thumbnail":0,"footnotes":""},"categories":[3],"tags":[],"class_list":["post-1835","post","type-post","status-publish","format-standard","hentry","category-participare"],"_links":{"self":[{"href":"https:\/\/sites.senat.ro\/index.php?rest_route=\/wp\/v2\/posts\/1835","targetHints":{"allow":["GET"]}}],"collection":[{"href":"https:\/\/sites.senat.ro\/index.php?rest_route=\/wp\/v2\/posts"}],"about":[{"href":"https:\/\/sites.senat.ro\/index.php?rest_route=\/wp\/v2\/types\/post"}],"author":[{"embeddable":true,"href":"https:\/\/sites.senat.ro\/index.php?rest_route=\/wp\/v2\/users\/2"}],"replies":[{"embeddable":true,"href":"https:\/\/sites.senat.ro\/index.php?rest_route=%2Fwp%2Fv2%2Fcomments&post=1835"}],"version-history":[{"count":0,"href":"https:\/\/sites.senat.ro\/index.php?rest_route=\/wp\/v2\/posts\/1835\/revisions"}],"wp:attachment":[{"href":"https:\/\/sites.senat.ro\/index.php?rest_route=%2Fwp%2Fv2%2Fmedia&parent=1835"}],"wp:term":[{"taxonomy":"category","embeddable":true,"href":"https:\/\/sites.senat.ro\/index.php?rest_route=%2Fwp%2Fv2%2Fcategories&post=1835"},{"taxonomy":"post_tag","embeddable":true,"href":"https:\/\/sites.senat.ro\/index.php?rest_route=%2Fwp%2Fv2%2Ftags&post=1835"}],"curies":[{"name":"wp","href":"https:\/\/api.w.org\/{rel}","templated":true}]}}