{"id":1817,"date":"2021-09-25T11:01:58","date_gmt":"2021-09-25T11:01:58","guid":{"rendered":"http:\/\/sites.senat.ro\/?p=1817"},"modified":"2022-01-27T11:56:48","modified_gmt":"2022-01-27T11:56:48","slug":"al-13-lea-summit-al-femeilor-presedinti-de-parlamente-si-a-5-a-conferinta-mondiala-a-presedintilor-de-parlamente-viena-6-8-septembrie-2021","status":"publish","type":"post","link":"https:\/\/sites.senat.ro\/?p=1817","title":{"rendered":"Al 13-lea Summit al femeilor pre\u0219edin\u021bi de parlamente \u0219i a 5-a Conferin\u021b\u0103 mondial\u0103 a pre\u0219edin\u021bilor de parlamente (Viena, 6-8 septembrie 2021)"},"content":{"rendered":"<p><img loading=\"lazy\" decoding=\"async\" class=\"size-medium wp-image-1953 alignleft\" src=\"https:\/\/sites.senat.ro\/wp-content\/uploads\/sites\/2\/2021\/09\/Conf_pres-300x101.jpg\" alt=\"\" width=\"300\" height=\"101\" srcset=\"https:\/\/sites.senat.ro\/wp-content\/uploads\/2021\/09\/Conf_pres-300x101.jpg 300w, https:\/\/sites.senat.ro\/wp-content\/uploads\/2021\/09\/Conf_pres.jpg 391w\" sizes=\"auto, (max-width: 300px) 100vw, 300px\" \/>Reprezent\u00e2nd primul eveniment parlamentar interna\u021bional major organizat cu prezen\u021b\u0103 fizic\u0103 dup\u0103 18 luni de la declan\u0219area pandemiei de COVID-19, Conferin\u021ba mondial\u0103 a pre\u0219edin\u021bilor de parlamente a reunit lideri ai forurilor legislative na\u021bionale din 115 \u021b\u0103ri (dintre care 100 de pre\u0219edin\u021bi de parlamente), pre\u0219edin\u021bi ai principalelor adun\u0103ri parlamentare interna\u021bionale \u0219i regionale \u0219i \u00eenal\u021bi oficiali ai Na\u021biunilor Unite. La Summit-ul care a precedat conferin\u021ba au participat majoritatea femeilor pre\u0219edin\u021bi de parlamente, al c\u0103ror procent din num\u0103rul total al pre\u0219edin\u021bilor, la nivel global, este de 20%.&nbsp;<\/p>\n<p><img loading=\"lazy\" decoding=\"async\" class=\"size-medium wp-image-1821 aligncenter\" src=\"https:\/\/sites.senat.ro\/wp-content\/uploads\/sites\/2\/2022\/01\/Vienna-group-1-300x212.jpg\" alt=\"\" width=\"300\" height=\"212\" srcset=\"https:\/\/sites.senat.ro\/wp-content\/uploads\/2022\/01\/Vienna-group-1-300x212.jpg 300w, https:\/\/sites.senat.ro\/wp-content\/uploads\/2022\/01\/Vienna-group-1-768x543.jpg 768w, https:\/\/sites.senat.ro\/wp-content\/uploads\/2022\/01\/Vienna-group-1-1024x724.jpg 1024w, https:\/\/sites.senat.ro\/wp-content\/uploads\/2022\/01\/Vienna-group-1-732x517.jpg 732w, https:\/\/sites.senat.ro\/wp-content\/uploads\/2022\/01\/Vienna-group-1-1140x806.jpg 1140w, https:\/\/sites.senat.ro\/wp-content\/uploads\/2022\/01\/Vienna-group-1.jpg 1200w\" sizes=\"auto, (max-width: 300px) 100vw, 300px\" \/><\/p>\n<p>Parlamentul Rom\u00e2niei a fost reprezentat de pre\u0219edinta Senatului,&nbsp;<strong>Anca Dana Dragu<\/strong>, care a transmis un mesaj video, \u0219i de o delega\u021bie format\u0103 din senatoarea&nbsp;<strong>Alina Gorghiu<\/strong>, vicepre\u0219edint\u0103 a Senatului, membr\u0103 a Comisiilor pentru politic\u0103 extern\u0103 \u0219i pentru cultur\u0103 \u0219i mass media, \u0219i senatoarea&nbsp;<strong>Liliana Sb\u00eernea<\/strong>, membr\u0103 a Comisiilor pentru ap\u0103rare, ordine public\u0103 \u0219i siguran\u021b\u0103 na\u021bional\u0103, pentru munc\u0103, familie \u0219i protec\u021bie social\u0103 \u0219i pentru \u00eenv\u0103\u021b\u0103m\u00e2nt, tineret \u0219i sport, vicelider al Grupului parlamentar al PSD.<\/p>\n<p><strong>Summit-ul femeilor pre\u0219edin\u021bi de parlamente<\/strong> (6 septembrie) a fost prezidat de&nbsp; Tone Wilhelmsen Tr\u00f8en, pre\u0219edinta parlamentului din Norvegia. Tema general\u0103 &#8211; <em>Femeile \u00een prim plan: de la lupta cu pandemia la prezervarea realiz\u0103rilor \u00een cadrul unei redres\u0103ri sensibile la dimensiunea de gen <\/em>\u2013 a fost examinat\u0103 \u00een cadrul a dou\u0103 dezbateri interactive: <em>Femeile \u00een pandemie: un tribut eroinelor fiec\u0103rei zile <\/em>\u0219i <em>Femeile \u00een redresarea post-pandemic\u0103: prezervarea realiz\u0103rilor, continuarea progreselor.<\/em><\/p>\n<p>Hedy Fry (Canada), Reprezentantul special al AP OSCE pentru probleme de gen, a eviden\u021biat contribu\u021bia decisiv\u0103 a femeilor \u00een lupta \u00eempotriva pandemiei \u0219i condi\u021biile, adesea dificile sau periculoase, \u00een care \u00ee\u0219i desf\u0103\u0219oar\u0103 activitatea. Ea a amintit c\u0103 parlamentarii au responsabilitatea de a dezvolta legi \u0219i politici sensibile la dimensiunea de gen, incluzive \u0219i care s\u0103 \u021bin\u0103 seama de discrimin\u0103rile multiple \u0219i intersec\u021bionale \u00eempotriva femeilor.<\/p>\n<p>\u00cen cadrul lucr\u0103rilor, au fost prezentate experien\u021be \u0219i bune practici na\u021bionale \u0219i s-au propus diferite c\u0103i de ac\u021biune \u00een m\u0103sur\u0103 s\u0103 asigure: dezvoltarea unor <em>sisteme de protec\u021bie social\u0103 sensibile la dimensiunea de gen<\/em> \u0219i asigurarea accesului universal la acestea; <em>remunerarea muncii prestate de femei la domiciliu<\/em>; elaborarea de legi \u0219i politici \u0219i alocarea resurselor necesare pentru <em>emanciparea economic\u0103 a femeilor, ca o condi\u021bie esen\u021bial\u0103 a redres\u0103rii economice post-pandemie <\/em>la scar\u0103 global\u0103; <em>eliminarea violen\u021bei \u00eempotriva femeilor \u0219i fetelor<\/em>, \u00een toate formele sale, precum \u0219i a practicilor v\u0103t\u0103m\u0103toare, precum c\u0103s\u0103toria \u00een r\u00e2ndul copiilor sau mutilarea genital\u0103 feminin\u0103; <em>realizarea, prin voin\u021b\u0103 politic\u0103, a parit\u0103\u021bii \u00eentre femei \u0219i b\u0103rba\u021bi \u00een parlament.<\/em><\/p>\n<p>Femeile pre\u0219edin\u021bi de parlamente au lansat un apel la mobilizarea eforturilor pentru construirea unui viitor mai sensibil la dimensiunea de gen, \u00een care femeile s\u0103 aib\u0103 posibilitatea s\u0103 participe, \u00een mod real, \u00een toate sferele vie\u021bii sociale. Egalitatea \u00eentre b\u0103rba\u021bi \u0219i femei \u0219i consolidarea statutului femeilor sunt condi\u021bii esen\u021biale pentru succesul r\u0103spunsului la COVID-19 \u0219i pentru o redresare sustenabil\u0103; aceasta a fost principala concluzie \u0219i mesajul transmis Conferin\u021bei mondiale a pre\u0219edin\u021bilor de parlamente.<\/p>\n<p>Tema general\u0103 a <strong>Conferin\u021bei mondiale a pre\u0219edin\u021bilor de parlamente <\/strong>(7-8 septembrie), intitulat\u0103 <em>Mobilizarea parlamentelor pentru un multilateralism mai eficace, care genereaz\u0103 pace \u0219i dezvoltare durabil\u0103 pentru oameni \u0219i pentru planet\u0103, <\/em>a fost abordat\u0103 sub mai multe aspecte: <em>realizarea dezvolt\u0103rii durabile &#8211; echilibrul \u00eentre cre\u0219tere economic\u0103, bun\u0103stare uman\u0103 \u0219i protec\u021bia mediului;<\/em> <em>impactul COVID-19 asupra multilateralismului \u0219i democra\u021biei; combaterea schimb\u0103rilor climatice \u00een contextul redres\u0103rii post-COVID-19; combaterea dezinform\u0103rii \u0219i a discursului bazat pe ur\u0103; parlamente deschise versus provoc\u0103ri de securitate; eliminarea legisla\u021biei discriminatorii, precondi\u021bie a egalit\u0103\u021bii de gen; controlul parlamentar asupra m\u0103surilor de urgen\u021b\u0103 impuse de guverne; parlamentele \u0219i guvernan\u021ba global\u0103.<\/em><\/p>\n<p>\u00cen <img loading=\"lazy\" decoding=\"async\" class=\" wp-image-1824 alignleft\" src=\"https:\/\/sites.senat.ro\/wp-content\/uploads\/sites\/2\/2022\/01\/Anca-Dragu-300x169.png\" alt=\"\" width=\"371\" height=\"209\" srcset=\"https:\/\/sites.senat.ro\/wp-content\/uploads\/2022\/01\/Anca-Dragu-300x169.png 300w, https:\/\/sites.senat.ro\/wp-content\/uploads\/2022\/01\/Anca-Dragu-768x432.png 768w, https:\/\/sites.senat.ro\/wp-content\/uploads\/2022\/01\/Anca-Dragu-1024x576.png 1024w, https:\/\/sites.senat.ro\/wp-content\/uploads\/2022\/01\/Anca-Dragu-732x412.png 732w, https:\/\/sites.senat.ro\/wp-content\/uploads\/2022\/01\/Anca-Dragu-1140x642.png 1140w, https:\/\/sites.senat.ro\/wp-content\/uploads\/2022\/01\/Anca-Dragu.png 1235w\" sizes=\"auto, (max-width: 371px) 100vw, 371px\" \/><a href=\"https:\/\/www.youtube.com\/watch?v=PXTHRlHqBaA&amp;list=PLLwJpE_EfvM6EnuP1Fiab8nZ7TdmD39rG&amp;index=14\">mesajul<\/a> s\u0103u video, pre\u0219edinta Senatului Rom\u00e2niei s-a referit la rolul major jucat de UIP \u00een promovarea \u0219i consolidarea valorilor multilateralismului \u0219i a eviden\u021biat contribu\u021bia semnificativ\u0103 a personalit\u0103\u021bilor rom\u00e2ne la conturarea profilului actual al Organiza\u021biei, \u00een cei 130 de ani de apartenen\u021b\u0103 a \u021b\u0103rii noastre la UIP, precum \u0219i sus\u021binerea ferm\u0103 a Rom\u00e2niei \u00een favoarea multilateralismului \u0219i a ordinii interna\u021bionale bazate pe reguli. Senatoarea a subliniat c\u0103 egalitatea \u00eentre b\u0103rba\u021bi \u0219i femei este o veritabil\u0103 for\u021b\u0103 motrice \u00een realizarea Agendei 2030 pentru Dezvoltare Durabil\u0103 \u0219i a f\u0103cut apel la pre\u0219edin\u021bii de parlamente s\u0103 se asigure c\u0103 egalitatea de gen \u0219i consolidarea statutului femeilor ocup\u0103 un loc central at\u00e2t pe agenda parlamentar\u0103 na\u021bional\u0103, c\u00e2t \u0219i pe cea a cooper\u0103rii parlamentare interna\u021bionale. Parlamentele trebuie s\u0103 contribuie la toate procesele care au ca scop revitalizarea sistemului multilateral, aceasta fiind o condi\u021bie necesar\u0103 pentru a-i asigura eficien\u021ba \u0219i legitimitatea, a ar\u0103tat reprezentanta Senatului.<\/p>\n<p><em><a href=\"https:\/\/www.ipu.org\/file\/12250\/download\">Declara\u021bia la nivel \u00eenalt<\/a><\/em> a conferin\u021bei subliniaz\u0103 c\u0103 solidaritatea interna\u021bional\u0103 \u0219i cooperarea dintre parlamente au un rol important \u00een ansamblul eforturilor de redresare post-pandemic\u0103 \u0219i afirm\u0103 c\u0103 redresarea trebuie s\u0103 conduc\u0103 la consolidarea statului de drept, a principiilor democratice \u0219i a drepturilor universale ale omului, s\u0103 fie incluziv\u0103, rezilient\u0103, ecologic\u0103 \u0219i s\u0103 integreze solu\u021bii pentru criza climatic\u0103. Se solicit\u0103 intensificarea colabor\u0103rii dintre state \u00een domeniile cercet\u0103rii \u0219i inov\u0103rii pentru dezvoltarea de vaccinuri \u0219i tratamente \u00eempotriva COVID-19, dar \u0219i o mai bun\u0103 coordonare a politicilor macro-economice, consolidarea OMC ca punct focal al comer\u021bului global, reducerea decalajului tehnologic dintre \u021b\u0103ri, condi\u021bii <em>sine qua non<\/em> pentru relansarea economic\u0103 la scar\u0103 mondial\u0103.<\/p>\n<p>Parlamentele sunt \u00eencurajate s\u0103 continue procesul de digitalizare, care a cunoscut o dezvoltare f\u0103r\u0103 precedent \u00een contextul pandemiei, pun\u00e2nd accentul pe responsabilizare, transparen\u021b\u0103 \u0219i cre\u0219terea interac\u021biunii cu cet\u0103\u021benii. Pre\u0219edin\u021bii de parlamente se angajeaz\u0103 s\u0103 ac\u021bioneze \u00een continuare pentru re\u00eennoirea multilateralismului \u0219i pentru ca opiniile parlamentarilor s\u0103 fie cunoscute la Na\u021biunile Unite \u0219i \u00een alte foruri interna\u021bionale.&nbsp;&nbsp;&nbsp;&nbsp;<\/p>\n<p>&nbsp;<\/p>\n","protected":false},"excerpt":{"rendered":"<p>Reprezent\u00e2nd primul eveniment parlamentar interna\u021bional major organizat cu prezen\u021b\u0103 fizic\u0103 dup\u0103 18 luni de la declan\u0219area pandemiei de COVID-19, Conferin\u021ba mondial\u0103 a pre\u0219edin\u021bilor de parlamente a reunit lideri ai forurilor legislative na\u021bionale din 115 \u021b\u0103ri (dintre care 100 de pre\u0219edin\u021bi de parlamente), pre\u0219edin\u021bi ai principalelor adun\u0103ri parlamentare interna\u021bionale \u0219i regionale \u0219i \u00eenal\u021bi oficiali ai Na\u021biunilor [&hellip;]<\/p>\n","protected":false},"author":2,"featured_media":0,"comment_status":"closed","ping_status":"open","sticky":false,"template":"","format":"standard","meta":{"ngg_post_thumbnail":0,"footnotes":""},"categories":[3],"tags":[],"class_list":["post-1817","post","type-post","status-publish","format-standard","hentry","category-participare"],"_links":{"self":[{"href":"https:\/\/sites.senat.ro\/index.php?rest_route=\/wp\/v2\/posts\/1817","targetHints":{"allow":["GET"]}}],"collection":[{"href":"https:\/\/sites.senat.ro\/index.php?rest_route=\/wp\/v2\/posts"}],"about":[{"href":"https:\/\/sites.senat.ro\/index.php?rest_route=\/wp\/v2\/types\/post"}],"author":[{"embeddable":true,"href":"https:\/\/sites.senat.ro\/index.php?rest_route=\/wp\/v2\/users\/2"}],"replies":[{"embeddable":true,"href":"https:\/\/sites.senat.ro\/index.php?rest_route=%2Fwp%2Fv2%2Fcomments&post=1817"}],"version-history":[{"count":0,"href":"https:\/\/sites.senat.ro\/index.php?rest_route=\/wp\/v2\/posts\/1817\/revisions"}],"wp:attachment":[{"href":"https:\/\/sites.senat.ro\/index.php?rest_route=%2Fwp%2Fv2%2Fmedia&parent=1817"}],"wp:term":[{"taxonomy":"category","embeddable":true,"href":"https:\/\/sites.senat.ro\/index.php?rest_route=%2Fwp%2Fv2%2Fcategories&post=1817"},{"taxonomy":"post_tag","embeddable":true,"href":"https:\/\/sites.senat.ro\/index.php?rest_route=%2Fwp%2Fv2%2Ftags&post=1817"}],"curies":[{"name":"wp","href":"https:\/\/api.w.org\/{rel}","templated":true}]}}