{"id":1795,"date":"2021-07-25T12:54:19","date_gmt":"2021-07-25T12:54:19","guid":{"rendered":"http:\/\/sites.senat.ro\/?p=1795"},"modified":"2022-01-27T11:56:57","modified_gmt":"2022-01-27T11:56:57","slug":"participarea-senatoarei-silvia-monica-dinica-vicepresedinta-a-grui-la-prima-reuniune-a-grupului-de-lucru-al-uip-pentru-stiinta-si-tehnologie-13-iulie-2021","status":"publish","type":"post","link":"https:\/\/sites.senat.ro\/?p=1795","title":{"rendered":"Participarea senatoarei Silvia-Monica Dinic\u0103, vicepre\u0219edint\u0103 a GRUI, la prima Reuniune a Grupului de lucru al UIP pentru \u0219tiin\u021b\u0103 \u0219i tehnologie (13 iulie 2021)"},"content":{"rendered":"<p><img loading=\"lazy\" decoding=\"async\" class=\"size-medium wp-image-1797 alignleft\" src=\"https:\/\/sites.senat.ro\/wp-content\/uploads\/sites\/2\/2022\/01\/Dinica_Grup-lucru-1-300x169.jpg\" alt=\"\" width=\"300\" height=\"169\" srcset=\"https:\/\/sites.senat.ro\/wp-content\/uploads\/2022\/01\/Dinica_Grup-lucru-1-300x169.jpg 300w, https:\/\/sites.senat.ro\/wp-content\/uploads\/2022\/01\/Dinica_Grup-lucru-1-768x432.jpg 768w, https:\/\/sites.senat.ro\/wp-content\/uploads\/2022\/01\/Dinica_Grup-lucru-1-1024x576.jpg 1024w, https:\/\/sites.senat.ro\/wp-content\/uploads\/2022\/01\/Dinica_Grup-lucru-1-732x412.jpg 732w, https:\/\/sites.senat.ro\/wp-content\/uploads\/2022\/01\/Dinica_Grup-lucru-1-1140x641.jpg 1140w, https:\/\/sites.senat.ro\/wp-content\/uploads\/2022\/01\/Dinica_Grup-lucru-1.jpg 1920w\" sizes=\"auto, (max-width: 300px) 100vw, 300px\" \/><\/p>\n<p>Grupul s-a reunit \u00een format virtual, \u00een prima sa \u0219edin\u021b\u0103, pentru a-\u0219i stabili obiectivele strategice \u0219i programul de activit\u0103\u021bi din perioada imediat urm\u0103toare.<\/p>\n<p>Din grup fac parte parlamentari din 25 de \u021b\u0103ri de pe toate continentele, inclusiv Rom\u00e2nia, reprezentat\u0103 de senatoarea Silvia-Monica Dinic\u0103, vicepre\u0219edint\u0103 a Grupului Rom\u00e2n al UIP. La lucr\u0103ri a participat \u0219i secretarul general al UIP, Martin Chungong.<\/p>\n<p>\u00cen cadrul acestei prime \u00eent\u00e2lniri, Michel Larive (Fran\u021ba) a fost ales \u00een calitate de pre\u0219edinte al Grupului, iar Sahar Attia (Egipt), \u00een calitate de vicepre\u0219edinte.<\/p>\n<p>\u00cen interven\u021bia sa referitoare la mandatul \u0219i obiectivele Grupului, senatoarea Silvia-Monica Dinic\u0103 a subliniat importan\u021ba integr\u0103rii perspectivei de gen \u00een \u00eentreaga activitate a acestei noi structuri specializate a UIP \u0219i a propus ca unul dintre obiective s\u0103 fie cre\u0219terea accesului femeilor la \u0219tiin\u021b\u0103 \u0219i tehnologie, un factor important \u00een reducerea decalajelor economice \u0219i sociale din \u0219i dintre state \u0219i \u00een realizarea de progrese pe calea dezvolt\u0103rii durabile.<\/p>\n<p>Vicepre\u0219edinta GRUI a evocat rezolu\u021biile \u0219i dezbaterile UIP din ultimii ani, care au eviden\u021biat rolul parlamentelor \u00een promovarea cadrului legislativ \u0219i a politicilor \u00een m\u0103sur\u0103 s\u0103 faciliteze participarea femeilor \u0219i fetelor \u00een domeniile STEM (\u0219tiin\u021be, tehnologie, inginerie \u0219i matematic\u0103). \u00cen acest context,&nbsp; a propus implicarea Grupului UIP pentru \u0219tiin\u021b\u0103 \u0219i tehnologie \u00een realizarea unor materiale informative \u0219i, \u00een perspectiv\u0103, a unui ghid pentru parlamentari privind femeile \u0219i STEM.&nbsp;&nbsp;<\/p>\n<p>&nbsp;<\/p>\n","protected":false},"excerpt":{"rendered":"<p>Grupul s-a reunit \u00een format virtual, \u00een prima sa \u0219edin\u021b\u0103, pentru a-\u0219i stabili obiectivele strategice \u0219i programul de activit\u0103\u021bi din perioada imediat urm\u0103toare. Din grup fac parte parlamentari din 25 de \u021b\u0103ri de pe toate continentele, inclusiv Rom\u00e2nia, reprezentat\u0103 de senatoarea Silvia-Monica Dinic\u0103, vicepre\u0219edint\u0103 a Grupului Rom\u00e2n al UIP. La lucr\u0103ri a participat \u0219i secretarul [&hellip;]<\/p>\n","protected":false},"author":2,"featured_media":0,"comment_status":"closed","ping_status":"open","sticky":false,"template":"","format":"standard","meta":{"ngg_post_thumbnail":0,"footnotes":""},"categories":[3],"tags":[],"class_list":["post-1795","post","type-post","status-publish","format-standard","hentry","category-participare"],"_links":{"self":[{"href":"https:\/\/sites.senat.ro\/index.php?rest_route=\/wp\/v2\/posts\/1795","targetHints":{"allow":["GET"]}}],"collection":[{"href":"https:\/\/sites.senat.ro\/index.php?rest_route=\/wp\/v2\/posts"}],"about":[{"href":"https:\/\/sites.senat.ro\/index.php?rest_route=\/wp\/v2\/types\/post"}],"author":[{"embeddable":true,"href":"https:\/\/sites.senat.ro\/index.php?rest_route=\/wp\/v2\/users\/2"}],"replies":[{"embeddable":true,"href":"https:\/\/sites.senat.ro\/index.php?rest_route=%2Fwp%2Fv2%2Fcomments&post=1795"}],"version-history":[{"count":0,"href":"https:\/\/sites.senat.ro\/index.php?rest_route=\/wp\/v2\/posts\/1795\/revisions"}],"wp:attachment":[{"href":"https:\/\/sites.senat.ro\/index.php?rest_route=%2Fwp%2Fv2%2Fmedia&parent=1795"}],"wp:term":[{"taxonomy":"category","embeddable":true,"href":"https:\/\/sites.senat.ro\/index.php?rest_route=%2Fwp%2Fv2%2Fcategories&post=1795"},{"taxonomy":"post_tag","embeddable":true,"href":"https:\/\/sites.senat.ro\/index.php?rest_route=%2Fwp%2Fv2%2Ftags&post=1795"}],"curies":[{"name":"wp","href":"https:\/\/api.w.org\/{rel}","templated":true}]}}