{"id":1782,"date":"2021-04-13T17:31:51","date_gmt":"2021-04-13T17:31:51","guid":{"rendered":"http:\/\/sites.senat.ro\/?p=1782"},"modified":"2021-07-21T07:32:11","modified_gmt":"2021-07-21T07:32:11","slug":"masa-rotunda-cu-tema-patrimoniul-mondial-unesco-din-romania-provocari-si-solutii-palatul-parlamentului-13-aprilie-2021","status":"publish","type":"post","link":"https:\/\/sites.senat.ro\/?p=1782","title":{"rendered":"Masa rotund\u0103 cu tema \u201ePatrimoniul mondial UNESCO din Rom\u00e2nia \u2013 provoc\u0103ri \u0219i solu\u021bii\u201d (Palatul Parlamentului, 13 aprilie 2021)"},"content":{"rendered":"<p>Evenimentul, organizat de Comisia permanent\u0103 comun\u0103 a Camerei Deputa\u021bilor \u015fi Senatului pentru rela\u021bia cu UNESCO, a&nbsp; marcat debutul unei serii de manifest\u0103ri dedicate anivers\u0103rii, \u00een 2021, a 65 de ani de la aderarea Rom\u00e2niei la Organiza\u021bia Na\u021biunilor Unite pentru Educa\u021bie, \u0218tiin\u021b\u0103 \u0219i Cultur\u0103 &#8211; UNESCO.<\/p>\n<p><img loading=\"lazy\" decoding=\"async\" class=\" wp-image-1783 aligncenter\" src=\"https:\/\/sites.senat.ro\/wp-content\/uploads\/sites\/2\/2021\/07\/UNESCO-300x159.jpg\" alt=\"\" width=\"436\" height=\"231\" srcset=\"https:\/\/sites.senat.ro\/wp-content\/uploads\/2021\/07\/UNESCO-300x159.jpg 300w, https:\/\/sites.senat.ro\/wp-content\/uploads\/2021\/07\/UNESCO-768x407.jpg 768w, https:\/\/sites.senat.ro\/wp-content\/uploads\/2021\/07\/UNESCO-1024x543.jpg 1024w, https:\/\/sites.senat.ro\/wp-content\/uploads\/2021\/07\/UNESCO-732x388.jpg 732w, https:\/\/sites.senat.ro\/wp-content\/uploads\/2021\/07\/UNESCO-1140x605.jpg 1140w, https:\/\/sites.senat.ro\/wp-content\/uploads\/2021\/07\/UNESCO.jpg 1697w\" sizes=\"auto, (max-width: 436px) 100vw, 436px\" \/><\/p>\n<p>\u00cen cadrul deschiderii oficiale, au prezentat alocu\u021biuni: dna Anca Dana Dragu, pre\u0219edintele Senatului; dl Ludovic Orban, pre\u0219edintele Camerei Deputa\u021bilor; dl deputat Mihai Weber, pre\u0219edintele Comisiei permanente comune a Camerei Deputa\u021bilor \u0219i Senatului pentru rela\u021bia cu UNESCO; dl Sergiu Nistor, consilier preziden\u021bial. E.S. dna Simona-Mirela Miculescu, Ambasador extraordinar \u0219i plenipoten\u021biar, Delegatul permanent al Rom\u00e2niei pe l\u00e2ng\u0103 UNESCO, a transmis participan\u021bilor un mesaj video.<\/p>\n<p>La eveniment au fost prezen\u021bi membri ai Comisiei, reprezentan\u0163i ai Academiei Rom\u00e2ne, ai Patriarhiei, ai Ministerului Afacerilor Externe, Ministerului Investi\u0163iilor \u015fi Proiectelor Europene; Ministerului Dezvolt\u0103rii, Lucr\u0103rilor Publice \u015fi Administra\u0163iei \u0219i Ministerului Educa\u0163iei, ai Institutului Na\u0163ional al Patrimoniului, ai Comisiei Na\u0163ionale a Rom\u00e2niei pentru UNESCO, ai Bibliotecii Na\u0163ionale a Rom\u00e2niei, Institutului Cultural Rom\u00e2n, ai consiliilor jude\u0163ene pe raza c\u0103rora se afl\u0103 obiective din patrimoniul UNESCO, precum \u015fi ai organiza\u0163iilor neguvernamentale.<\/p>\n<p>Pe agenda discu\u021biilor au figurat teme legate de rolul UNESCO \u00een salvgardarea patrimoniului natural, a siturilor \u0219i a monumentelor, precum \u0219i a patrimoniului imaterial al Rom\u00e2niei.<\/p>\n","protected":false},"excerpt":{"rendered":"<p>Evenimentul, organizat de Comisia permanent\u0103 comun\u0103 a Camerei Deputa\u021bilor \u015fi Senatului pentru rela\u021bia cu UNESCO, a&nbsp; marcat debutul unei serii de manifest\u0103ri dedicate anivers\u0103rii, \u00een 2021, a 65 de ani de la aderarea Rom\u00e2niei la Organiza\u021bia Na\u021biunilor Unite pentru Educa\u021bie, \u0218tiin\u021b\u0103 \u0219i Cultur\u0103 &#8211; UNESCO. \u00cen cadrul deschiderii oficiale, au prezentat alocu\u021biuni: dna Anca Dana [&hellip;]<\/p>\n","protected":false},"author":2,"featured_media":0,"comment_status":"closed","ping_status":"open","sticky":false,"template":"","format":"standard","meta":{"ngg_post_thumbnail":0,"footnotes":""},"categories":[4],"tags":[],"class_list":["post-1782","post","type-post","status-publish","format-standard","hentry","category-onu"],"_links":{"self":[{"href":"https:\/\/sites.senat.ro\/index.php?rest_route=\/wp\/v2\/posts\/1782","targetHints":{"allow":["GET"]}}],"collection":[{"href":"https:\/\/sites.senat.ro\/index.php?rest_route=\/wp\/v2\/posts"}],"about":[{"href":"https:\/\/sites.senat.ro\/index.php?rest_route=\/wp\/v2\/types\/post"}],"author":[{"embeddable":true,"href":"https:\/\/sites.senat.ro\/index.php?rest_route=\/wp\/v2\/users\/2"}],"replies":[{"embeddable":true,"href":"https:\/\/sites.senat.ro\/index.php?rest_route=%2Fwp%2Fv2%2Fcomments&post=1782"}],"version-history":[{"count":0,"href":"https:\/\/sites.senat.ro\/index.php?rest_route=\/wp\/v2\/posts\/1782\/revisions"}],"wp:attachment":[{"href":"https:\/\/sites.senat.ro\/index.php?rest_route=%2Fwp%2Fv2%2Fmedia&parent=1782"}],"wp:term":[{"taxonomy":"category","embeddable":true,"href":"https:\/\/sites.senat.ro\/index.php?rest_route=%2Fwp%2Fv2%2Fcategories&post=1782"},{"taxonomy":"post_tag","embeddable":true,"href":"https:\/\/sites.senat.ro\/index.php?rest_route=%2Fwp%2Fv2%2Ftags&post=1782"}],"curies":[{"name":"wp","href":"https:\/\/api.w.org\/{rel}","templated":true}]}}