{"id":1672,"date":"2021-04-29T10:28:37","date_gmt":"2021-04-29T10:28:37","guid":{"rendered":"http:\/\/sites.senat.ro\/?p=1672"},"modified":"2021-07-21T07:28:55","modified_gmt":"2021-07-21T07:28:55","slug":"raportul-participarea-tinerilor-in-parlamentele-nationale","status":"publish","type":"post","link":"https:\/\/sites.senat.ro\/?p=1672","title":{"rendered":"Raportul \u201dParticiparea tinerilor \u00een parlamentele na\u021bionale\u201d"},"content":{"rendered":"<p><a href=\"https:\/\/www.ipu.org\/youth2021\"><img loading=\"lazy\" decoding=\"async\" class=\"size-medium wp-image-1673 alignleft\" src=\"https:\/\/sites.senat.ro\/wp-content\/uploads\/sites\/2\/2021\/07\/youth-cover-1-211x300.jpg\" alt=\"\" width=\"211\" height=\"300\" srcset=\"https:\/\/sites.senat.ro\/wp-content\/uploads\/2021\/07\/youth-cover-1-211x300.jpg 211w, https:\/\/sites.senat.ro\/wp-content\/uploads\/2021\/07\/youth-cover-1.jpg 458w\" sizes=\"auto, (max-width: 211px) 100vw, 211px\" \/><\/a>Raportul a fost lansat cu ocazia celei de-a \u0219aptea Conferin\u021be mondiale a tinerilor parlamentari (28-29 aprilie 2021), are ca reper situa\u021bia prezentat\u0103 \u00een raportul precedent, din 2018, \u0219i a fost realizat \u00een baza sondajelor efectuate \u00een peste 148 de legislative, precum \u0219i a informa\u021biilor cantitative \u0219i calitative ob\u021binute din partea a 258 de parlamente \u0219i camere parlamentare na\u021bionale.<\/p>\n<p>Conform datelor, care reflect\u0103 situa\u021bia din 14 septembrie 2020:<\/p>\n<ul>\n<li>la nivel mondial, tinerii sub 30 de ani reprezint\u0103 pu\u021bin peste 2,6% din num\u0103rul total al parlamentarilor, \u00een cre\u0219tere cu 0,4% fa\u021b\u0103 de 2018; \u00een aproximativ 25% dintre parlamentele monocamerale \u0219i camerele parlamentare inferioare nu exist\u0103 parlamentari cu v\u00e2rsta sub 30 de ani; acest procent cre\u0219te la 73%, \u00een cazul camerelor parlamentare superioare;<\/li>\n<li>comparativ cu 2018, raportat la diferite grupe de v\u00e2rst\u0103, datele semnaleaz\u0103 o serie de progrese, respectiv: 2,6% dintre parlamentarii lumii au v\u00e2rsta sub 30 de ani; 17,5% din parlamentarii lumii au v\u00e2rsta sub 40 de ani; 30,2% din parlamentarii lumii au v\u00e2rsta sub 45 de ani;<\/li>\n<li>\u00een fiecare categorie de v\u00e2rst\u0103, num\u0103rul b\u0103rba\u021bilor parlamentari este mai mare dec\u00e2t cel al femeilor parlamentare;<\/li>\n<li>dezechilibrul de gen este mai mic \u00een r\u00e2ndul parlamentarilor tineri, unde raportul b\u0103rba\u021bi\/femei este de 60 la 40;<\/li>\n<li>ponderea tinerilor parlamentari a continuat s\u0103 creasc\u0103 \u00een toate categoriile de v\u00e2rst\u0103;<\/li>\n<li>stabilirea de cote pentru tineri, reducerea v\u00e2rstei de eligibilitate, reprezentarea propor\u021bional\u0103 \u0219i promovarea unor parlamente mai incluzive sunt factori care determin\u0103 cre\u0219terea num\u0103rului de tineri parlamentari;<\/li>\n<li>un num\u0103r mic, dar \u00een cre\u0219tere, de parlamente au re\u021bele de tineri parlamentari sau alte structuri care promoveaz\u0103 tinerii \u00een politic\u0103;<\/li>\n<li>\u00een peste 60% dintre \u021b\u0103ri exist\u0103 comisii parlamentare, majoritatea permanente, care se ocup\u0103 de probleme de tineret;<\/li>\n<li>\u00een 56% din \u021b\u0103rile participante la studiu func\u021bioneaz\u0103 parlamente ale tinerilor; unele au leg\u0103turi formale cu parlamentul na\u021bional, dar cele mai multe sunt coordonate de organiza\u021bii neguvernamentale, ministere, \u0219coli sau alte autorit\u0103\u021bi locale;<\/li>\n<li>noile tehnologii informa\u021bionale \u0219i instrumentele on line ajut\u0103 cet\u0103\u021benii, inclusiv tinerii, s\u0103 \u00een\u021beleag\u0103 mai bine \u0219i s\u0103 monitorizeze activitatea parlamentelor, contribuind totodat\u0103 la cre\u0219terea accesibilit\u0103\u021bii \u0219i vizibilit\u0103\u021bii legislativelor.<\/li>\n<\/ul>\n<p>Con\u021binutul integral al publica\u021biei poate fi consultat <a href=\"https:\/\/www.ipu.org\/youth2021\">aici<\/a>.<\/p>\n","protected":false},"excerpt":{"rendered":"<p>Raportul a fost lansat cu ocazia celei de-a \u0219aptea Conferin\u021be mondiale a tinerilor parlamentari (28-29 aprilie 2021), are ca reper situa\u021bia prezentat\u0103 \u00een raportul precedent, din 2018, \u0219i a fost realizat \u00een baza sondajelor efectuate \u00een peste 148 de legislative, precum \u0219i a informa\u021biilor cantitative \u0219i calitative ob\u021binute din partea a 258 de parlamente \u0219i [&hellip;]<\/p>\n","protected":false},"author":2,"featured_media":0,"comment_status":"closed","ping_status":"open","sticky":false,"template":"","format":"standard","meta":{"ngg_post_thumbnail":0,"footnotes":""},"categories":[6,2],"tags":[],"class_list":["post-1672","post","type-post","status-publish","format-standard","hentry","category-publicatii","category-repere"],"_links":{"self":[{"href":"https:\/\/sites.senat.ro\/index.php?rest_route=\/wp\/v2\/posts\/1672","targetHints":{"allow":["GET"]}}],"collection":[{"href":"https:\/\/sites.senat.ro\/index.php?rest_route=\/wp\/v2\/posts"}],"about":[{"href":"https:\/\/sites.senat.ro\/index.php?rest_route=\/wp\/v2\/types\/post"}],"author":[{"embeddable":true,"href":"https:\/\/sites.senat.ro\/index.php?rest_route=\/wp\/v2\/users\/2"}],"replies":[{"embeddable":true,"href":"https:\/\/sites.senat.ro\/index.php?rest_route=%2Fwp%2Fv2%2Fcomments&post=1672"}],"version-history":[{"count":0,"href":"https:\/\/sites.senat.ro\/index.php?rest_route=\/wp\/v2\/posts\/1672\/revisions"}],"wp:attachment":[{"href":"https:\/\/sites.senat.ro\/index.php?rest_route=%2Fwp%2Fv2%2Fmedia&parent=1672"}],"wp:term":[{"taxonomy":"category","embeddable":true,"href":"https:\/\/sites.senat.ro\/index.php?rest_route=%2Fwp%2Fv2%2Fcategories&post=1672"},{"taxonomy":"post_tag","embeddable":true,"href":"https:\/\/sites.senat.ro\/index.php?rest_route=%2Fwp%2Fv2%2Ftags&post=1672"}],"curies":[{"name":"wp","href":"https:\/\/api.w.org\/{rel}","templated":true}]}}