{"id":1650,"date":"2021-04-28T07:24:33","date_gmt":"2021-04-28T07:24:33","guid":{"rendered":"http:\/\/sites.senat.ro\/?p=1650"},"modified":"2021-07-21T07:24:49","modified_gmt":"2021-07-21T07:24:49","slug":"cea-de-a-saptea-conferinta-mondiala-a-tinerilor-parlamentari-28-29-aprilie-2021","status":"publish","type":"post","link":"https:\/\/sites.senat.ro\/?p=1650","title":{"rendered":"Cea de-a \u015faptea Conferin\u0163\u0103 Mondial\u0103 a Tinerilor Parlamentari (28-29 aprilie 2021)"},"content":{"rendered":"<p>Conferin\u021ba, organizat\u0103 \u00een format virtual, a reunit peste 250 de parlamentari din 80 de \u021b\u0103ri. \u00cen premier\u0103, delega\u021biile na\u021bionale au fost alc\u0103tuite din parlamentari de toate v\u00e2rstele, eviden\u021biind rolul dialogului \u0219i&nbsp;solidarit\u0103\u021bii inter-genera\u021bionale \u00een accelerarea eforturilor pentru consolidarea statutului tinerilor.<\/p>\n<p>GRUI a fost reprezentat de dna deputat <strong>Mara Calista<\/strong>, dl deputat <strong>Silviu Nicu Macovei<\/strong> \u0219i dl senator <strong>Sorin-Cristian Mateescu<\/strong>, membri ai Comitetului Director al GRUI.<\/p>\n<p>Cele patru sesiuni de lucru s-au axat pe: <em>participarea tinerilor la redresarea post-COVID-19; sus\u021binerea \u00eenv\u0103\u021b\u0103m\u00e2ntului superior \u0219i universitar; asigurarea s\u0103n\u0103t\u0103\u021bii tinerilor; consolidarea statutului economic al tinerilor.<\/em><\/p>\n<p><img loading=\"lazy\" decoding=\"async\" class=\" wp-image-1756 aligncenter\" src=\"https:\/\/sites.senat.ro\/wp-content\/uploads\/sites\/2\/2021\/07\/Screenshot-79-300x169.png\" alt=\"\" width=\"402\" height=\"227\" srcset=\"https:\/\/sites.senat.ro\/wp-content\/uploads\/2021\/07\/Screenshot-79-300x169.png 300w, https:\/\/sites.senat.ro\/wp-content\/uploads\/2021\/07\/Screenshot-79-768x432.png 768w, https:\/\/sites.senat.ro\/wp-content\/uploads\/2021\/07\/Screenshot-79-1024x576.png 1024w, https:\/\/sites.senat.ro\/wp-content\/uploads\/2021\/07\/Screenshot-79-732x412.png 732w, https:\/\/sites.senat.ro\/wp-content\/uploads\/2021\/07\/Screenshot-79-1140x641.png 1140w, https:\/\/sites.senat.ro\/wp-content\/uploads\/2021\/07\/Screenshot-79.png 1920w\" sizes=\"auto, (max-width: 402px) 100vw, 402px\" \/><\/p>\n<p>Participan\u021bii: au reiterat rolul esen\u021bial al parlamentelor \u00een dep\u0103\u0219irea obstacolelor care \u00eempiedic\u0103 participarea tinerilor la procesele democratice \u0219i \u00een eliminarea inegalit\u0103\u021bii dintre genera\u021bii; au solicitat identificarea rapid\u0103, de c\u0103tre parlamente, a solu\u021biilor \u00een plan legislativ, al politicilor sectoriale \u0219i al resurselor bugetare, pentru ca educa\u021bia s\u0103 devin\u0103 o prioritate a etapei de redresare post-COVID-19 \u0219i s\u0103 se adapteze c\u00e2t mai bine contextului viitor; au subliniat contribu\u021bia parlamentarilor la cre\u0219terea nivelului de asisten\u021b\u0103 medical\u0103 acordat\u0103 tinerilor, inclusiv prin intermediul planurilor de redresare post-COVID-19; au eviden\u021biat tipurile de politici care pot da rezultate \u00een domeniul ocup\u0103rii for\u021bei de munc\u0103 \u00een r\u00e2ndul tinerilor \u0219i au pledat pentru cre\u0219terea investi\u021biilor \u00een sectoarele economice care permit angajarea, \u00eentr-o propor\u021bie mai mare, a tinerilor; au recomandat implementarea de instrumente \u0219i mecanisme prin care tinerii s\u0103 acceseze mai u\u0219or credite, \u00eemprumuturi \u0219i asigur\u0103ri.<\/p>\n<p>Principalele concluzii ale celor dou\u0103 zile de dezbateri se reg\u0103sesc \u00een <a href=\"https:\/\/www.ipu.org\/file\/10989\/download\">Documentul final<\/a> al Conferin\u021bei.<\/p>\n<p><img loading=\"lazy\" decoding=\"async\" class=\" wp-image-1757 aligncenter\" src=\"https:\/\/sites.senat.ro\/wp-content\/uploads\/sites\/2\/2021\/07\/Screenshot-84-300x169.png\" alt=\"\" width=\"414\" height=\"233\" srcset=\"https:\/\/sites.senat.ro\/wp-content\/uploads\/2021\/07\/Screenshot-84-300x169.png 300w, https:\/\/sites.senat.ro\/wp-content\/uploads\/2021\/07\/Screenshot-84-768x432.png 768w, https:\/\/sites.senat.ro\/wp-content\/uploads\/2021\/07\/Screenshot-84-1024x576.png 1024w, https:\/\/sites.senat.ro\/wp-content\/uploads\/2021\/07\/Screenshot-84-732x412.png 732w, https:\/\/sites.senat.ro\/wp-content\/uploads\/2021\/07\/Screenshot-84-1140x641.png 1140w, https:\/\/sites.senat.ro\/wp-content\/uploads\/2021\/07\/Screenshot-84.png 1920w\" sizes=\"auto, (max-width: 414px) 100vw, 414px\" \/><\/p>\n<p>Cu aceea\u0219i ocazie, secretarul general al UIP, Martin Chungong, a lansat oficial <a href=\"https:\/\/www.ipu.org\/i-say-yes\"><strong>campania UIP <em>Spun &#8222;Da&#8221; tinerilor \u00een parlament!<\/em><\/strong><\/a>, care \u00ee\u0219i propune s\u0103 mobilizeze parlamentarii din \u00eentreaga lume pentru cre\u0219terea num\u0103rului de tineri parlamentari, prin: promovarea cotelor electorale pentru tineri; alinierea v\u00e2rstelor minime la care se acord\u0103 dreptul de a alege \u0219i dreptul de a fi ales; sus\u021binerea canalelor de comunicare care permit tinerilor s\u0103 se fac\u0103 asculta\u021bi \u00een parlament; autonomizarea tinerilor parlamentari; activit\u0103\u021bi de mentorat pentru tinerii candida\u021bi.<\/p>\n","protected":false},"excerpt":{"rendered":"<p>Conferin\u021ba, organizat\u0103 \u00een format virtual, a reunit peste 250 de parlamentari din 80 de \u021b\u0103ri. \u00cen premier\u0103, delega\u021biile na\u021bionale au fost alc\u0103tuite din parlamentari de toate v\u00e2rstele, eviden\u021biind rolul dialogului \u0219i&nbsp;solidarit\u0103\u021bii inter-genera\u021bionale \u00een accelerarea eforturilor pentru consolidarea statutului tinerilor. GRUI a fost reprezentat de dna deputat Mara Calista, dl deputat Silviu Nicu Macovei \u0219i dl [&hellip;]<\/p>\n","protected":false},"author":2,"featured_media":0,"comment_status":"closed","ping_status":"open","sticky":false,"template":"","format":"standard","meta":{"ngg_post_thumbnail":0,"footnotes":""},"categories":[3],"tags":[],"class_list":["post-1650","post","type-post","status-publish","format-standard","hentry","category-participare"],"_links":{"self":[{"href":"https:\/\/sites.senat.ro\/index.php?rest_route=\/wp\/v2\/posts\/1650","targetHints":{"allow":["GET"]}}],"collection":[{"href":"https:\/\/sites.senat.ro\/index.php?rest_route=\/wp\/v2\/posts"}],"about":[{"href":"https:\/\/sites.senat.ro\/index.php?rest_route=\/wp\/v2\/types\/post"}],"author":[{"embeddable":true,"href":"https:\/\/sites.senat.ro\/index.php?rest_route=\/wp\/v2\/users\/2"}],"replies":[{"embeddable":true,"href":"https:\/\/sites.senat.ro\/index.php?rest_route=%2Fwp%2Fv2%2Fcomments&post=1650"}],"version-history":[{"count":0,"href":"https:\/\/sites.senat.ro\/index.php?rest_route=\/wp\/v2\/posts\/1650\/revisions"}],"wp:attachment":[{"href":"https:\/\/sites.senat.ro\/index.php?rest_route=%2Fwp%2Fv2%2Fmedia&parent=1650"}],"wp:term":[{"taxonomy":"category","embeddable":true,"href":"https:\/\/sites.senat.ro\/index.php?rest_route=%2Fwp%2Fv2%2Fcategories&post=1650"},{"taxonomy":"post_tag","embeddable":true,"href":"https:\/\/sites.senat.ro\/index.php?rest_route=%2Fwp%2Fv2%2Ftags&post=1650"}],"curies":[{"name":"wp","href":"https:\/\/api.w.org\/{rel}","templated":true}]}}