{"id":1643,"date":"2021-04-19T09:24:58","date_gmt":"2021-04-19T09:24:58","guid":{"rendered":"http:\/\/sites.senat.ro\/?p=1643"},"modified":"2021-07-21T07:25:51","modified_gmt":"2021-07-21T07:25:51","slug":"cea-de-a-142-a-adunare-a-uip-si-reuniunile-asociate-13-aprilie-27-mai-2021","status":"publish","type":"post","link":"https:\/\/sites.senat.ro\/?p=1643","title":{"rendered":"Cea de-a 142-a Adunare a UIP \u0219i reuniunile asociate (13 aprilie &#8211; 27 mai 2021)"},"content":{"rendered":"<p>La sesiunea UIP, organizat\u0103, \u00een premier\u0103, \u00een format virtual, au participat delega\u021bii parlamentare din 135 de \u021b\u0103ri membre, reprezentan\u021bi ai unor adun\u0103ri parlamentare cu statut de membru asociat sau de observator, oficiali din partea ONU \u0219i a altor organiza\u021bii interna\u021bionale. Din delega\u021bia GRUI, condus\u0103 de dna senator <strong>Silvia-Monica Dinic\u0103<\/strong>, vicepre\u0219edint\u0103 a GRUI, au f\u0103cut parte: dl deputat <strong>D\u0103nu\u021b Aelenei<\/strong>, vicepre\u0219edinte al GRUI; dnii deputa\u021bi <strong>Adrian-Miroslav Merka<\/strong>, secretar, \u0219i <strong>Zolt\u00e1n Zakarias<\/strong>, trezorier, precum \u0219i dl senator <strong>Daniel-C\u0103t\u0103lin Zamfir<\/strong>, dna deputat <strong>Cristina-Elena Dinu<\/strong>, dl deputat <strong>Mircea Fechet<\/strong>, dl deputat <strong>Ioan Cup\u0219a<\/strong> \u0219i dna deputat <strong>Pollyanna-Hanellore Hangan<\/strong>, membri ai Comitetului Director al GRUI.&nbsp;<\/p>\n<p>Tema dezbaterii generale din plenul Adun\u0103rii s-a intitulat <em>Dep\u0103\u0219irea pandemiei ast\u0103zi \u0219i construirea unui viitor mai bun: rolul parlamentelor<\/em><em>. <\/em><\/p>\n<p><img loading=\"lazy\" decoding=\"async\" class=\" wp-image-1749 alignleft\" src=\"https:\/\/sites.senat.ro\/wp-content\/uploads\/sites\/2\/2021\/07\/Screenshot-88-300x169.png\" alt=\"\" width=\"339\" height=\"191\" srcset=\"https:\/\/sites.senat.ro\/wp-content\/uploads\/2021\/07\/Screenshot-88-300x169.png 300w, https:\/\/sites.senat.ro\/wp-content\/uploads\/2021\/07\/Screenshot-88-768x432.png 768w, https:\/\/sites.senat.ro\/wp-content\/uploads\/2021\/07\/Screenshot-88-1024x576.png 1024w, https:\/\/sites.senat.ro\/wp-content\/uploads\/2021\/07\/Screenshot-88-732x412.png 732w, https:\/\/sites.senat.ro\/wp-content\/uploads\/2021\/07\/Screenshot-88-1140x641.png 1140w, https:\/\/sites.senat.ro\/wp-content\/uploads\/2021\/07\/Screenshot-88.png 1920w\" sizes=\"auto, (max-width: 339px) 100vw, 339px\" \/>\u00cen <a href=\"https:\/\/www.youtube.com\/watch?v=uIvlkeJ5uFw&amp;list=PLLwJpE_EfvM49a3pkA8a1TVJgAGo-j6Rm&amp;index=29&amp;t=20s\"><em>alocu\u021biunea<\/em><\/a> sa, \u0219efa delega\u021biei rom\u00e2ne a subliniat c\u0103 actuala criz\u0103 pandemic\u0103 nu poate fi dep\u0103\u0219it\u0103 dec\u00e2t prin efortul conjugat al guvernelor, parlamentelor, organiza\u021biilor interna\u021bionale, societ\u0103\u021bii civile, mediului academic \u0219i de afaceri \u0219i a reiterat faptul c\u0103 Rom\u00e2nia sus\u021bine \u0219i promoveaz\u0103 multilateralismul \u0219i cooperarea interna\u021bional\u0103, elemente fundamentale pentru un r\u0103spuns eficient la o provocare global\u0103 precum COVID-19.<\/p>\n<p>Principalele concluzii ale dezbaterii generale au fost sintetizate la finalul sesiunii, \u00eentr-o <a href=\"https:\/\/www.ipu.org\/file\/11274\/download\"><em><u>Declara\u021bie preziden\u021bial\u0103<\/u><\/em><\/a>. Cu aceea\u0219i ocazie, Adunarea a adoptat rezolu\u021bia <a href=\"https:\/\/www.ipu.org\/file\/11277\/download\"><em>Strategii parlamentare pentru consolidarea p\u0103cii \u0219i securit\u0103\u021bii \u00eempotriva amenin\u021b\u0103rilor \u0219i conflictelor generate de dezastrele care au leg\u0103tur\u0103 cu clima \u0219i de consecin\u021bele acestora<\/em><\/a> \u0219i rezolu\u021bia <a href=\"https:\/\/www.ipu.org\/file\/11279\/download\"><em>P<\/em><em>romovarea digitaliz\u0103rii \u0219i economiei circulare pentru realizarea Obiectivelor Dezvolt\u0103rii Durabile, cu prec\u0103dere consumul \u0219i produc\u021bia responsabile<\/em><\/a>.<\/p>\n<p>Pe ordinea de zi a Consiliului Director au figurat rapoartele de activitate ale pre\u0219edintelui \u0219i secretarului general ai UIP, situa\u021bia financiar\u0103 a UIP \u00een anul 2020, calendarul activit\u0103\u021bilor viitoare ale organiza\u021biei, stadiul elabor\u0103rii a noii Strategii a UIP 2022-2026 \u0219i rapoartele organelor specializate ale UIP cu privire la activit\u0103\u021bile desf\u0103\u0219urate pe parcursul sesiunii.<\/p>\n<p><img loading=\"lazy\" decoding=\"async\" class=\"wp-image-1753 aligncenter\" src=\"https:\/\/sites.senat.ro\/wp-content\/uploads\/sites\/2\/2021\/07\/Screenshot-102-300x169.png\" alt=\"\" width=\"417\" height=\"235\" srcset=\"https:\/\/sites.senat.ro\/wp-content\/uploads\/2021\/07\/Screenshot-102-300x169.png 300w, https:\/\/sites.senat.ro\/wp-content\/uploads\/2021\/07\/Screenshot-102-768x432.png 768w, https:\/\/sites.senat.ro\/wp-content\/uploads\/2021\/07\/Screenshot-102-1024x576.png 1024w, https:\/\/sites.senat.ro\/wp-content\/uploads\/2021\/07\/Screenshot-102-732x412.png 732w, https:\/\/sites.senat.ro\/wp-content\/uploads\/2021\/07\/Screenshot-102-1140x641.png 1140w, https:\/\/sites.senat.ro\/wp-content\/uploads\/2021\/07\/Screenshot-102.png 1920w\" sizes=\"auto, (max-width: 417px) 100vw, 417px\" \/><\/p>\n<p>Consiliul Director a aprobat instituirea Premiului UIP Cremer-Passy, care va fi decernat anual, \u00een semn de recunoa\u0219tere a unor realiz\u0103ri de excep\u021bie \u00een ap\u0103rarea \u0219i promovarea obiectivelor organiza\u021biei, \u0219i a adoptat recomand\u0103ri cu privire la 150 de cazuri de \u00eenc\u0103lcare a drepturilor omului ale parlamentarilor din \u0219apte \u021b\u0103ri.<\/p>\n<p>\u00cen contextul deciziilor privind ocuparea diferitelor locuri vacante \u00een structurile UIP, Consiliul a validat alegerea dnei senator Silvia-Monica Dinic\u0103 ca membr\u0103 a noului Grup al UIP pentru \u0219tiin\u021b\u0103 \u0219i tehnologie.&nbsp;<\/p>\n<p>Comisia pentru pace \u0219i securitate interna\u021bional\u0103 a adoptat proiectul de rezolu\u021bie privind <em>consolidarea p\u0103cii \u0219i securit\u0103\u021bii \u00eempotriva amenin\u021b\u0103rilor \u0219i conflictelor generate de dezastrele care au leg\u0103tur\u0103 cu clima. <\/em>La propunerea GRUI, rezolu\u021bia include referiri la: impactul pozitiv al programelor de cre\u0219tere a rezilien\u021bei climatice asupra ansamblului Obiectivelor Dezvolt\u0103rii Durabile; fundamentarea m\u0103surilor de cre\u0219tere a rezilien\u021bei climatice \u0219i de reducere a riscurilor climatice pe principiul responsabilit\u0103\u021bilor comune, dar diferen\u021biate \u0219i al capacit\u0103\u021bilor respective, \u00een func\u021bie de circumstan\u021bele na\u021bionale; continuitatea ac\u021biunilor de prevenire \u0219i reducere a riscurilor de dezastre, precum \u0219i a finan\u021b\u0103rii pe termen lung a unor infrastructuri reziliente \u0219i rezistente la schimb\u0103rile climatice; includerea riscurilor de securitate legate de clim\u0103 \u00een activit\u0103\u021bile de prevenire a conflictelor, management al crizelor \u0219i reabilitare post-conflict.<\/p>\n<p>Comisiile UIP pentru dezvoltare durabil\u0103 \u0219i pentru Na\u021biunile Unite au avut o reuniune comun\u0103 \u00een care au discutat despre contribu\u021bia parlamentar\u0103 la edi\u021bia 2021 a Forumului Politic la Nivel \u00cenalt al ONU privind Dezvoltarea Durabil\u0103, cu tema <em>O redresare post-COVID-19 durabil\u0103 \u0219i rezilient\u0103, care promoveaz\u0103 dimensiunile economic\u0103, social\u0103 \u0219i de mediu ale dezvolt\u0103rii durabile.<\/em><\/p>\n<p>Comisia pentru dezvoltare durabil\u0103 a adoptat proiectul de rezolu\u021bie privind <em>digitalizarea \u0219i economia circular\u0103. <\/em>\u00cen calitate de co-raportor, dna senator Dinic\u0103 a participat \u00een mod nemijlocit la elaborarea rezolu\u021biei \u0219i a coordonat lucr\u0103rile comitetului de redactare care a finalizat textul documentului.<\/p>\n<p>Biroul Comisiei a aprobat includerea, \u00een programul s\u0103u viitor, a unei dezbateri-panel cu tema <em>Impactul schimb\u0103rilor climatice asupra resurselor naturale<\/em>: <em>cum pot asigura parlamentele accesul inclusiv la resursele de ap\u0103?, <\/em>propus\u0103 de dna senator Silvia-Monica Dinic\u0103. \u00cen argumentarea propunerii, dna senator: a evocat studii ONU care estimeaz\u0103 c\u0103, \u00een anul 2040, 600 de milioane de copii sub 18 ani vor tr\u0103i \u00een zone cu deficit de ap\u0103, iar \u00een 2050, deficitul de ap\u0103 va afecta 5,7 miliarde de persoane la scar\u0103 global\u0103; a subliniat c\u0103 deficitul de ap\u0103 reprezint\u0103 o provocare global\u0103, deoarece orice stat, indiferent de nivelul s\u0103u de dezvoltare, se poate confrunta la un moment dat cu o criz\u0103 a resurselor de ap\u0103, ca urmare a schimb\u0103rilor climatice,&nbsp; polu\u0103rii sau suprapopul\u0103rii.&nbsp;<\/p>\n<p>Pe ordinea de zi a Biroului a figurat \u0219i un schimb de informa\u021bii privind sus\u021binerea parlamentar\u0103 a Obiectivelor Dezvolt\u0103rii Durabile, ocazie cu care \u0219efa delega\u021biei GRUI s-a referit la: m\u0103surile adoptate de Senatul Rom\u00e2niei pentru asigurarea continuit\u0103\u021bii activit\u0103\u021bii \u00een contextul pandemiei de COVID-19; priorit\u0103\u021bile curente ale agendei parlamentare, cu impact asupra dezvolt\u0103rii durabile, \u00een domenii precum protec\u021bia mediului, infrastructura ecologic\u0103, energiile regenerabile, educa\u021bia sau turismul; progresele realizate \u00een consolidarea cadrului legislativ na\u021bional de prevenire \u0219i combatere a traficului de fiin\u021be umane, sclaviei, agresiunilor sexuale \u0219i pornografiei infantile; contribu\u021bia Senatului la accelerarea eforturilor de combatere a violen\u021bei \u00eempotriva femeilor \u0219i de promovare a particip\u0103rii femeilor \u00een via\u021ba politic\u0103.&nbsp;&nbsp;<\/p>\n<p>\u00cen cadrul Comisiei pentru democra\u021bie \u0219i drepturile omului a fost dezb\u0103tut\u0103 tema <em>Legisla\u021bia la nivel mondial pentru combaterea exploat\u0103rii sexuale online a copiilor, <\/em>iar Comisia pentru Na\u021biunile Unite a examinat, din perspectiv\u0103 parlamentar\u0103, <em>Declara\u021bia ONU la 75 de ani \u0219i ac\u021biunile urm\u0103toare. <\/em><\/p>\n<p>Toate cele patru patru comisii permanente au abordat \u0219i tema general\u0103 a sesiunii UIP, prin prisma domeniilor lor de activitate.<\/p>\n<p>Forumul Femeilor Parlamentare a examinat, din perspectiva egalit\u0103\u021bii de gen, cele dou\u0103 proiecte de rezolu\u021bie aflate pe agenda Adun\u0103rii. Dna senator Silvia-Monica Dinic\u0103 a prezentat cele mai relevante recomand\u0103ri din rezolu\u021bia privind <em>digitalizarea \u0219i economia circular\u0103<\/em>, eviden\u021biind preocuparea autorilor textului pentru reflectarea corespunz\u0103toare a problemelor cu care se confrunt\u0103 femeile \u0219i identificarea unor solu\u021bii adecvate, inclusiv: sus\u021binerea femeilor antreprenori; dezvoltarea competen\u021belor digitale \u00een r\u00e2ndul femeilor \u0219i facilitarea accesului femeilor la platforme \u0219i instrumente digitale; educa\u021bia femeilor \u0219i fetelor \u00een domeniile STEM. Reprezentanta GRUI a ad\u0103ugat c\u0103 toate recomand\u0103rile din rezolu\u021bie trebuie abordate \u0219i dintr-o perspectiv\u0103 de gen, \u00een scopul identific\u0103rii solu\u021biilor \u00een m\u0103sur\u0103 s\u0103 contribuie la consolidarea statutului femeilor \u0219i la reducerea inegalit\u0103\u021bilor \u00eentre b\u0103rba\u021bi \u0219i femei.<\/p>\n<p>\u00cen program au mai figurat dezbateri privind <em>redresarea post-Covid-19 sensibil\u0103 la dimensiunea de gen <\/em>\u0219i <em>promovarea egalit\u0103\u021bii de gen \u00een \u0219i prin parlamente <\/em>\u0219i o prezentare a forumului <em>Egalitatea \u00eentre genera\u021bii<\/em>, lansat de UN Women cu ocazia celei de-a 25-a anivers\u0103ri a Declara\u021biei \u0219i Platformei de ac\u021biune de la Beijing.<\/p>\n<p>Forumul Tinerilor Parlamentari a eviden\u021biat rolul major al tinerilor \u00een formularea strategiilor post-pandemie \u0219i a unor modele de dezvoltare care s\u0103 r\u0103spund\u0103 nevoilor \u0219i intereselor tuturor genera\u021biilor. Participan\u021bii au avut schimburi de opinii pe tema<em> Un nou deceniu de ac\u021biune pentru UIP \u0219i parlamente privind participarea tinerilor <\/em>\u0219i cu privire la noua campanie a UIP <a href=\"https:\/\/www.ipu.org\/i-say-yes\"><em>Spun <\/em><em>&#8222;<\/em><em>Da<\/em><em>&#8222;<\/em><em> tinerilor \u00een parlament!<\/em><\/a><em>,<\/em> care are ca scop cre\u0219terea num\u0103rului de tineri parlamentari.<\/p>\n","protected":false},"excerpt":{"rendered":"<p>La sesiunea UIP, organizat\u0103, \u00een premier\u0103, \u00een format virtual, au participat delega\u021bii parlamentare din 135 de \u021b\u0103ri membre, reprezentan\u021bi ai unor adun\u0103ri parlamentare cu statut de membru asociat sau de observator, oficiali din partea ONU \u0219i a altor organiza\u021bii interna\u021bionale. Din delega\u021bia GRUI, condus\u0103 de dna senator Silvia-Monica Dinic\u0103, vicepre\u0219edint\u0103 a GRUI, au f\u0103cut parte: [&hellip;]<\/p>\n","protected":false},"author":2,"featured_media":0,"comment_status":"closed","ping_status":"open","sticky":false,"template":"","format":"standard","meta":{"ngg_post_thumbnail":0,"footnotes":""},"categories":[3],"tags":[],"class_list":["post-1643","post","type-post","status-publish","format-standard","hentry","category-participare"],"_links":{"self":[{"href":"https:\/\/sites.senat.ro\/index.php?rest_route=\/wp\/v2\/posts\/1643","targetHints":{"allow":["GET"]}}],"collection":[{"href":"https:\/\/sites.senat.ro\/index.php?rest_route=\/wp\/v2\/posts"}],"about":[{"href":"https:\/\/sites.senat.ro\/index.php?rest_route=\/wp\/v2\/types\/post"}],"author":[{"embeddable":true,"href":"https:\/\/sites.senat.ro\/index.php?rest_route=\/wp\/v2\/users\/2"}],"replies":[{"embeddable":true,"href":"https:\/\/sites.senat.ro\/index.php?rest_route=%2Fwp%2Fv2%2Fcomments&post=1643"}],"version-history":[{"count":0,"href":"https:\/\/sites.senat.ro\/index.php?rest_route=\/wp\/v2\/posts\/1643\/revisions"}],"wp:attachment":[{"href":"https:\/\/sites.senat.ro\/index.php?rest_route=%2Fwp%2Fv2%2Fmedia&parent=1643"}],"wp:term":[{"taxonomy":"category","embeddable":true,"href":"https:\/\/sites.senat.ro\/index.php?rest_route=%2Fwp%2Fv2%2Fcategories&post=1643"},{"taxonomy":"post_tag","embeddable":true,"href":"https:\/\/sites.senat.ro\/index.php?rest_route=%2Fwp%2Fv2%2Ftags&post=1643"}],"curies":[{"name":"wp","href":"https:\/\/api.w.org\/{rel}","templated":true}]}}