{"id":1638,"date":"2021-06-23T10:26:09","date_gmt":"2021-06-23T10:26:09","guid":{"rendered":"http:\/\/sites.senat.ro\/?p=1638"},"modified":"2021-07-21T07:26:43","modified_gmt":"2021-07-21T07:26:43","slug":"reuniunea-parlamentara-la-nivel-inalt-cu-tema-transformarea-sistemelor-alimentare-in-beneficiul-sanatatii-echitatii-si-sustenabilitatii-23-iunie-2021","status":"publish","type":"post","link":"https:\/\/sites.senat.ro\/?p=1638","title":{"rendered":"Reuniunea parlamentar\u0103 la nivel \u00eenalt cu tema \u201dTransformarea  sistemelor alimentare \u00een beneficiul s\u0103n\u0103t\u0103\u021bii, echit\u0103\u021bii \u0219i sustenabilit\u0103\u021bii\u201d (23 iunie 2021)"},"content":{"rendered":"<p>Reuniunea on line a avut ca obiectiv facilitarea dialogului dintre parlamentari, oficiali ONU \u0219i exper\u021bi, cu privire la rolul care revine legislativului \u00een protejarea dreptului la hran\u0103, reglementarea proceselor din lan\u021bul de aprovizionare cu hran\u0103 \u0219i asigurarea&nbsp;&nbsp;accesului echitabil al popula\u021biei la un regim alimentar s\u0103n\u0103tos.<\/p>\n<p><img loading=\"lazy\" decoding=\"async\" class=\"size-medium wp-image-1639 alignleft\" src=\"https:\/\/sites.senat.ro\/wp-content\/uploads\/sites\/2\/2021\/07\/Dinica_sistemele-alimentare-300x169.png\" alt=\"\" width=\"300\" height=\"169\" srcset=\"https:\/\/sites.senat.ro\/wp-content\/uploads\/2021\/07\/Dinica_sistemele-alimentare-300x169.png 300w, https:\/\/sites.senat.ro\/wp-content\/uploads\/2021\/07\/Dinica_sistemele-alimentare-768x432.png 768w, https:\/\/sites.senat.ro\/wp-content\/uploads\/2021\/07\/Dinica_sistemele-alimentare-1024x576.png 1024w, https:\/\/sites.senat.ro\/wp-content\/uploads\/2021\/07\/Dinica_sistemele-alimentare-732x412.png 732w, https:\/\/sites.senat.ro\/wp-content\/uploads\/2021\/07\/Dinica_sistemele-alimentare-1140x641.png 1140w, https:\/\/sites.senat.ro\/wp-content\/uploads\/2021\/07\/Dinica_sistemele-alimentare.png 1920w\" sizes=\"auto, (max-width: 300px) 100vw, 300px\" \/>La dezbateri a participat dna senator <strong>Silvia-Monica Dinic\u0103<\/strong>, vicepre\u0219edint\u0103 a GRUI, membr\u0103 a Comisiei UIP pentru dezvoltare durabil\u0103.<\/p>\n<p>\u00cen interven\u021bia sa, vicepre\u0219edinta GRUI a men\u021bionat c\u0103 transformarea sistemelor alimentare este un subiect de actualitate pentru Parlamentul Rom\u00e2niei \u0219i s-a referit, \u00een acest sens, la prevederile proiectului de lege privind practicile comerciale neloiale dintre \u00eentreprinderi \u00een cadrul lan\u0163ului de aprovizionare agricol \u015fi alimentar, aflat \u00een procedur\u0103 legislativ\u0103, dar \u0219i la m\u0103surile cuprinse \u00een Legea privind diminuarea risipei alimentare, \u00een vigoare din 2019. Totodat\u0103, a subliniat c\u0103 redresarea post-pandemic\u0103 ofer\u0103 oportunit\u0103\u021bi importante pentru accelerarea tranzi\u021biei la sisteme alimentare s\u0103n\u0103toase \u0219i sustenabile \u0219i pentru o gestionare mai eficien\u021b\u0103 a resurselor de hran\u0103, la nivel na\u021bional \u0219i interna\u021bional.&nbsp;<img loading=\"lazy\" decoding=\"async\" class=\" wp-image-1640 aligncenter\" src=\"https:\/\/sites.senat.ro\/wp-content\/uploads\/sites\/2\/2021\/07\/Foto2_sistemele-alimentare-300x169.png\" alt=\"\" width=\"376\" height=\"212\" srcset=\"https:\/\/sites.senat.ro\/wp-content\/uploads\/2021\/07\/Foto2_sistemele-alimentare-300x169.png 300w, https:\/\/sites.senat.ro\/wp-content\/uploads\/2021\/07\/Foto2_sistemele-alimentare-768x432.png 768w, https:\/\/sites.senat.ro\/wp-content\/uploads\/2021\/07\/Foto2_sistemele-alimentare-1024x576.png 1024w, https:\/\/sites.senat.ro\/wp-content\/uploads\/2021\/07\/Foto2_sistemele-alimentare-732x412.png 732w, https:\/\/sites.senat.ro\/wp-content\/uploads\/2021\/07\/Foto2_sistemele-alimentare-1140x641.png 1140w, https:\/\/sites.senat.ro\/wp-content\/uploads\/2021\/07\/Foto2_sistemele-alimentare.png 1920w\" sizes=\"auto, (max-width: 376px) 100vw, 376px\" \/><\/p>\n<p>Printre vorbitorii invita\u021bi s\u0103 sus\u021bin\u0103 prezent\u0103ri tematice \u0219i s\u0103 r\u0103spund\u0103 \u00eentreb\u0103rilor parlamentarilor, s-au num\u0103rat Agnes Kalibata, Trimisul special al Secretarului general al Na\u021biunilor Unite la Summit-ul ONU privind sistemele alimentare; M\u00e1ximo Torero Cullen, economist \u0219ef, FAO; John Ingram, coordonatorul programului de transformare a sistemelor alimentare, Universitatea Oxford.&nbsp;&nbsp;<\/p>\n","protected":false},"excerpt":{"rendered":"<p>Reuniunea on line a avut ca obiectiv facilitarea dialogului dintre parlamentari, oficiali ONU \u0219i exper\u021bi, cu privire la rolul care revine legislativului \u00een protejarea dreptului la hran\u0103, reglementarea proceselor din lan\u021bul de aprovizionare cu hran\u0103 \u0219i asigurarea&nbsp;&nbsp;accesului echitabil al popula\u021biei la un regim alimentar s\u0103n\u0103tos. La dezbateri a participat dna senator Silvia-Monica Dinic\u0103, vicepre\u0219edint\u0103 a [&hellip;]<\/p>\n","protected":false},"author":2,"featured_media":0,"comment_status":"closed","ping_status":"open","sticky":false,"template":"","format":"standard","meta":{"ngg_post_thumbnail":0,"footnotes":""},"categories":[3],"tags":[],"class_list":["post-1638","post","type-post","status-publish","format-standard","hentry","category-participare"],"_links":{"self":[{"href":"https:\/\/sites.senat.ro\/index.php?rest_route=\/wp\/v2\/posts\/1638","targetHints":{"allow":["GET"]}}],"collection":[{"href":"https:\/\/sites.senat.ro\/index.php?rest_route=\/wp\/v2\/posts"}],"about":[{"href":"https:\/\/sites.senat.ro\/index.php?rest_route=\/wp\/v2\/types\/post"}],"author":[{"embeddable":true,"href":"https:\/\/sites.senat.ro\/index.php?rest_route=\/wp\/v2\/users\/2"}],"replies":[{"embeddable":true,"href":"https:\/\/sites.senat.ro\/index.php?rest_route=%2Fwp%2Fv2%2Fcomments&post=1638"}],"version-history":[{"count":0,"href":"https:\/\/sites.senat.ro\/index.php?rest_route=\/wp\/v2\/posts\/1638\/revisions"}],"wp:attachment":[{"href":"https:\/\/sites.senat.ro\/index.php?rest_route=%2Fwp%2Fv2%2Fmedia&parent=1638"}],"wp:term":[{"taxonomy":"category","embeddable":true,"href":"https:\/\/sites.senat.ro\/index.php?rest_route=%2Fwp%2Fv2%2Fcategories&post=1638"},{"taxonomy":"post_tag","embeddable":true,"href":"https:\/\/sites.senat.ro\/index.php?rest_route=%2Fwp%2Fv2%2Ftags&post=1638"}],"curies":[{"name":"wp","href":"https:\/\/api.w.org\/{rel}","templated":true}]}}