{"id":1632,"date":"2021-03-09T07:22:22","date_gmt":"2021-03-09T07:22:22","guid":{"rendered":"http:\/\/sites.senat.ro\/?p=1632"},"modified":"2021-07-21T07:22:37","modified_gmt":"2021-07-21T07:22:37","slug":"webinarul-cu-tema-impactul-covid-19-asupra-realizarii-obiectivelor-dezvoltarii-durabile-rolul-parlamentelor-9-martie-2021","status":"publish","type":"post","link":"https:\/\/sites.senat.ro\/?p=1632","title":{"rendered":"Webinarul cu tema \u201dImpactul COVID-19 asupra realiz\u0103rii Obiectivelor  Dezvolt\u0103rii Durabile &#8211; rolul parlamentelor\u201d (9 martie 2021)"},"content":{"rendered":"<p><img loading=\"lazy\" decoding=\"async\" class=\"size-medium wp-image-1667 alignleft\" src=\"https:\/\/sites.senat.ro\/wp-content\/uploads\/sites\/2\/2021\/07\/Foto3_seminar-COVID_9martie-1-300x189.jpeg\" alt=\"\" width=\"300\" height=\"189\" srcset=\"https:\/\/sites.senat.ro\/wp-content\/uploads\/2021\/07\/Foto3_seminar-COVID_9martie-1-300x189.jpeg 300w, https:\/\/sites.senat.ro\/wp-content\/uploads\/2021\/07\/Foto3_seminar-COVID_9martie-1-732x461.jpeg 732w, https:\/\/sites.senat.ro\/wp-content\/uploads\/2021\/07\/Foto3_seminar-COVID_9martie-1.jpeg 751w\" sizes=\"auto, (max-width: 300px) 100vw, 300px\" \/>Evenimentul, organizat de UIP \u00een cooperare cu Comisia Economic\u0103 a ONU pentru Europa, a facilitat un schimb de informa\u021bii, opinii \u0219i bune practici privind solu\u021biile \u00een m\u0103sur\u0103 s\u0103 conduc\u0103 la realizarea de progrese \u00een domeniul dezvolt\u0103rii durabile, \u00een ciuda dificult\u0103\u021bilor generate de pandemia de COVID-19. GRUI a fost reprezentat de dna senator <strong>Silvia-Monica Dinic\u0103<\/strong>, vicepre\u0219edint\u0103 a GRUI, membr\u0103 a Biroului Comisiei UIP pentru dezvoltare durabil\u0103, \u0219i de dl deputat <strong>Sorin N\u0103cu\u021b\u0103<\/strong>, membru al Comitetului Director al GRUI.<\/p>\n<p>Prezent\u0103rile \u0219i dezbaterile s-au axat pe urm\u0103toarele teme: &nbsp;<em>Stadiul implement\u0103rii Obiectivelor Dezvolt\u0103rii Durabile \u00een regiune; Realizarea ODD \u00een pofida pandemiei de COVID-19 &#8211; schimb de experien\u021be \u0219i bune practici; Experien\u021be regionale privind procesele de Evaluare Na\u021bional\u0103 Voluntar\u0103.<\/em><\/p>\n<p><img loading=\"lazy\" decoding=\"async\" class=\"size-medium wp-image-1633 alignleft\" src=\"https:\/\/sites.senat.ro\/wp-content\/uploads\/sites\/2\/2021\/07\/Dinica_UNECE-300x169.jpg\" alt=\"\" width=\"300\" height=\"169\" srcset=\"https:\/\/sites.senat.ro\/wp-content\/uploads\/2021\/07\/Dinica_UNECE-300x169.jpg 300w, https:\/\/sites.senat.ro\/wp-content\/uploads\/2021\/07\/Dinica_UNECE-768x432.jpg 768w, https:\/\/sites.senat.ro\/wp-content\/uploads\/2021\/07\/Dinica_UNECE-1024x576.jpg 1024w, https:\/\/sites.senat.ro\/wp-content\/uploads\/2021\/07\/Dinica_UNECE-732x412.jpg 732w, https:\/\/sites.senat.ro\/wp-content\/uploads\/2021\/07\/Dinica_UNECE-1140x641.jpg 1140w, https:\/\/sites.senat.ro\/wp-content\/uploads\/2021\/07\/Dinica_UNECE.jpg 1920w\" sizes=\"auto, (max-width: 300px) 100vw, 300px\" \/>\u00cen calitate de co-raportor pentru rezolu\u021bia UIP cu tema <em>Promovarea digitaliz\u0103rii \u0219i economiei circulare pentru realizarea Obiectivelor Dezvolt\u0103rii Durabile, cu prec\u0103dere consumul \u0219i produc\u021bia responsabile<\/em>, dna Silvia-Monica Dinic\u0103 a prezentat principalele direc\u021bii de ac\u021biune propuse prin acest document. \u00cen continuare, a subliniat c\u0103 aplicarea principiilor economiei circulare \u00een sectoare cheie poate contribui la combaterea cauzelor \u0219i diminuarea efectelor schimb\u0103rilor climatice \u0219i a pledat pentru fundamentarea politicilor de cooperare pentru dezvoltare pe cele 17 Obiective ale Dezvolt\u0103rii Durabile.<\/p>\n<p>Vicepre\u0219edinta GRUI a mai precizat c\u0103 abordarea activit\u0103\u021bii legislative din perspectiva ODD este o prioritate a Parlamentului Rom\u00e2niei \u0219i a men\u021bionat, cu titlu de exemplu, proiectul de lege care vine \u00een sprijinul \u00eentreprinderilor mici \u0219i mijlocii \u0219i al domeniului HORECA, prin finan\u021b\u0103ri menite s\u0103 \u00eencurajeze produc\u021bia de energie din surse regenerabile \u0219i utilizarea autovehiculelor electrice.<\/p>\n","protected":false},"excerpt":{"rendered":"<p>Evenimentul, organizat de UIP \u00een cooperare cu Comisia Economic\u0103 a ONU pentru Europa, a facilitat un schimb de informa\u021bii, opinii \u0219i bune practici privind solu\u021biile \u00een m\u0103sur\u0103 s\u0103 conduc\u0103 la realizarea de progrese \u00een domeniul dezvolt\u0103rii durabile, \u00een ciuda dificult\u0103\u021bilor generate de pandemia de COVID-19. GRUI a fost reprezentat de dna senator Silvia-Monica Dinic\u0103, vicepre\u0219edint\u0103 [&hellip;]<\/p>\n","protected":false},"author":2,"featured_media":0,"comment_status":"closed","ping_status":"open","sticky":false,"template":"","format":"standard","meta":{"ngg_post_thumbnail":0,"footnotes":""},"categories":[3],"tags":[],"class_list":["post-1632","post","type-post","status-publish","format-standard","hentry","category-participare"],"_links":{"self":[{"href":"https:\/\/sites.senat.ro\/index.php?rest_route=\/wp\/v2\/posts\/1632","targetHints":{"allow":["GET"]}}],"collection":[{"href":"https:\/\/sites.senat.ro\/index.php?rest_route=\/wp\/v2\/posts"}],"about":[{"href":"https:\/\/sites.senat.ro\/index.php?rest_route=\/wp\/v2\/types\/post"}],"author":[{"embeddable":true,"href":"https:\/\/sites.senat.ro\/index.php?rest_route=\/wp\/v2\/users\/2"}],"replies":[{"embeddable":true,"href":"https:\/\/sites.senat.ro\/index.php?rest_route=%2Fwp%2Fv2%2Fcomments&post=1632"}],"version-history":[{"count":0,"href":"https:\/\/sites.senat.ro\/index.php?rest_route=\/wp\/v2\/posts\/1632\/revisions"}],"wp:attachment":[{"href":"https:\/\/sites.senat.ro\/index.php?rest_route=%2Fwp%2Fv2%2Fmedia&parent=1632"}],"wp:term":[{"taxonomy":"category","embeddable":true,"href":"https:\/\/sites.senat.ro\/index.php?rest_route=%2Fwp%2Fv2%2Fcategories&post=1632"},{"taxonomy":"post_tag","embeddable":true,"href":"https:\/\/sites.senat.ro\/index.php?rest_route=%2Fwp%2Fv2%2Ftags&post=1632"}],"curies":[{"name":"wp","href":"https:\/\/api.w.org\/{rel}","templated":true}]}}