{"id":1627,"date":"2021-05-26T08:27:48","date_gmt":"2021-05-26T08:27:48","guid":{"rendered":"http:\/\/sites.senat.ro\/?p=1627"},"modified":"2021-07-21T07:28:06","modified_gmt":"2021-07-21T07:28:06","slug":"alegerea-doamnei-senator-silvia-monica-dinica-in-calitate-de-membra-a-grupului-uip-pentru-stiinta-si-tehnologie","status":"publish","type":"post","link":"https:\/\/sites.senat.ro\/?p=1627","title":{"rendered":"Alegerea doamnei senator Silvia-Monica Dinic\u0103 \u00een calitate de membr\u0103 a Grupului UIP pentru \u0219tiin\u021b\u0103 \u0219i tehnologie"},"content":{"rendered":"<p>Alegerea dnei senator Silvia-Monica Dinic\u0103 \u00een noua structur\u0103 a UIP a avut loc cu ocazia celei de-a 142-a Adun\u0103ri, la propunerea Grupului geopolitic 12 Plus, din care face parte Rom\u00e2nia.&nbsp;<\/p>\n<p><img loading=\"lazy\" decoding=\"async\" class=\"alignleft\" src=\"https:\/\/www.ipu.org\/sites\/default\/files\/styles\/max_325x325\/public\/silvia_dinica_ro_2.jpg?itok=cfjkRbOp\" width=\"191\" height=\"191\"><\/p>\n<p><em>Alc\u0103tuit din 21 de parlamentari de pe toate continentele, <\/em><em>Grupul pentru \u0219tiin\u021b\u0103 \u0219i tehnologie<\/em><em> va contribui la transpunerea \u00een practic\u0103 a obiectivelor UIP \u00een domeniu, pun\u00e2nd accentul pe aspectele etice \u0219i pe m\u0103surile necesare pentru combaterea inegalit\u0103\u021bilor \u0219i discrimin\u0103rii care \u00eempiedic\u0103 accesul universal la \u0219tiin\u021b\u0103 \u0219i tehnologie. Noua structur\u0103 va oferi asisten\u021b\u0103 \u0219i consiliere de specialitate comisiilor permanente \u0219i celorlalte structuri ale UIP \u0219i are misiunea de a reflecta asupra schimb\u0103rilor de ordin civiliza\u021bional determinate de \u0219tiin\u021b\u0103 \u0219i de tehnologie, de a evalua impactul lor asupra societ\u0103\u021bii \u0219i de a propune parlamentelor ac\u021biuni prin care s\u0103 le anticipeze.<\/em><\/p>\n<p>Mandatul \u0219i componen\u021ba Grupului UIP pentru \u0219tiin\u021b\u0103 \u0219i tehnologie pot fi consultate&nbsp;<a href=\"https:\/\/www.ipu.org\/about-ipu\/structure-and-governance\/governing-council\/working-group-science-and-technology\">aici<\/a>.<\/p>\n","protected":false},"excerpt":{"rendered":"<p>Alegerea dnei senator Silvia-Monica Dinic\u0103 \u00een noua structur\u0103 a UIP a avut loc cu ocazia celei de-a 142-a Adun\u0103ri, la propunerea Grupului geopolitic 12 Plus, din care face parte Rom\u00e2nia.&nbsp; Alc\u0103tuit din 21 de parlamentari de pe toate continentele, Grupul pentru \u0219tiin\u021b\u0103 \u0219i tehnologie va contribui la transpunerea \u00een practic\u0103 a obiectivelor UIP \u00een domeniu, [&hellip;]<\/p>\n","protected":false},"author":2,"featured_media":0,"comment_status":"closed","ping_status":"open","sticky":false,"template":"","format":"standard","meta":{"ngg_post_thumbnail":0,"footnotes":""},"categories":[5,2],"tags":[],"class_list":["post-1627","post","type-post","status-publish","format-standard","hentry","category-evenimente","category-repere"],"_links":{"self":[{"href":"https:\/\/sites.senat.ro\/index.php?rest_route=\/wp\/v2\/posts\/1627","targetHints":{"allow":["GET"]}}],"collection":[{"href":"https:\/\/sites.senat.ro\/index.php?rest_route=\/wp\/v2\/posts"}],"about":[{"href":"https:\/\/sites.senat.ro\/index.php?rest_route=\/wp\/v2\/types\/post"}],"author":[{"embeddable":true,"href":"https:\/\/sites.senat.ro\/index.php?rest_route=\/wp\/v2\/users\/2"}],"replies":[{"embeddable":true,"href":"https:\/\/sites.senat.ro\/index.php?rest_route=%2Fwp%2Fv2%2Fcomments&post=1627"}],"version-history":[{"count":0,"href":"https:\/\/sites.senat.ro\/index.php?rest_route=\/wp\/v2\/posts\/1627\/revisions"}],"wp:attachment":[{"href":"https:\/\/sites.senat.ro\/index.php?rest_route=%2Fwp%2Fv2%2Fmedia&parent=1627"}],"wp:term":[{"taxonomy":"category","embeddable":true,"href":"https:\/\/sites.senat.ro\/index.php?rest_route=%2Fwp%2Fv2%2Fcategories&post=1627"},{"taxonomy":"post_tag","embeddable":true,"href":"https:\/\/sites.senat.ro\/index.php?rest_route=%2Fwp%2Fv2%2Ftags&post=1627"}],"curies":[{"name":"wp","href":"https:\/\/api.w.org\/{rel}","templated":true}]}}