{"id":1619,"date":"2021-06-24T14:26:55","date_gmt":"2021-06-24T14:26:55","guid":{"rendered":"http:\/\/sites.senat.ro\/?p=1619"},"modified":"2021-08-31T10:45:25","modified_gmt":"2021-08-31T10:45:25","slug":"obiectiv-cop26-reuniunea-parlamentara-virtuala-privind-schimbarile-climatice-24-iunie-2021","status":"publish","type":"post","link":"https:\/\/sites.senat.ro\/?p=1619","title":{"rendered":"Obiectiv COP26 &#8211; Reuniunea parlamentar\u0103 virtual\u0103 privind schimb\u0103rile climatice  (24 iunie 2021)"},"content":{"rendered":"<p>La reuniunea on line, organizat\u0103 \u00een cooperare cu Grupul britanic al UIP \u0219i Camera Deputa\u021bilor din Parlamentul Italiei, a participat dl deputat <strong>Mircea Fechet<\/strong>, membru al Comitetului Director al GRUI.<\/p>\n<p><img loading=\"lazy\" decoding=\"async\" class=\"wp-image-1620 alignleft\" src=\"https:\/\/sites.senat.ro\/wp-content\/uploads\/sites\/2\/2021\/07\/COP_26-300x138.png\" alt=\"\" width=\"435\" height=\"200\" srcset=\"https:\/\/sites.senat.ro\/wp-content\/uploads\/2021\/07\/COP_26-300x138.png 300w, https:\/\/sites.senat.ro\/wp-content\/uploads\/2021\/07\/COP_26.png 619w\" sizes=\"auto, (max-width: 435px) 100vw, 435px\" \/><\/p>\n<p>Evenimentul face parte din seria reuniunilor UIP \u00een preg\u0103tirea celei de a 26-a Conferin\u021be a Na\u021biunilor Unite privind schimb\u0103rile climatice (COP26), care va avea loc la Glasgow, \u00een luna noiembrie a.c., \u0219i a avut ca obiectiv identificarea direc\u021biilor de ac\u021biune parlamentar\u0103 pentru reducerea impactului schimb\u0103rilor climatice.<\/p>\n<p>Dezbaterile au avut ca principal reper cele dou\u0103 rezolu\u021bii recente ale UIP \u00een materie, respectiv <em>Combaterea schimb\u0103rilor climatice <\/em>(2019) \u0219i <em>Strategii parlamentare pentru consolidarea p\u0103cii \u0219i securit\u0103\u021bii \u00eempotriva amenin\u021b\u0103rilor \u0219i conflictelor generate de dezastrele care au leg\u0103tur\u0103 cu clima \u0219i de consecin\u021bele acestora <\/em>(2021)<em>. <\/em>Participan\u021bii au f\u0103cut un schimb de informa\u021bii \u0219i opinii cu privire la domeniile \u0219i ac\u021biunile prioritare incluse \u00een strategiile na\u021bionale \u00een domeniul schimb\u0103rilor climatice, eviden\u021biind contribu\u021bia parlamentelor la transpunerea lor \u00een practic\u0103.<\/p>\n<p>\u00cen cadrul dialogului cu raportorii documentului final al COP26, parlamentarii au avut posibilitatea s\u0103 se informeze cu privire la aspectele \u0219i orient\u0103rile majore ale Conferin\u021bei \u0219i au fost \u00eencuraja\u021bi s\u0103 accelereze eforturile \u00een vederea urgent\u0103rii implement\u0103rii Acordului de la Paris.<\/p>\n","protected":false},"excerpt":{"rendered":"<p>La reuniunea on line, organizat\u0103 \u00een cooperare cu Grupul britanic al UIP \u0219i Camera Deputa\u021bilor din Parlamentul Italiei, a participat dl deputat Mircea Fechet, membru al Comitetului Director al GRUI. Evenimentul face parte din seria reuniunilor UIP \u00een preg\u0103tirea celei de a 26-a Conferin\u021be a Na\u021biunilor Unite privind schimb\u0103rile climatice (COP26), care va avea loc [&hellip;]<\/p>\n","protected":false},"author":2,"featured_media":0,"comment_status":"closed","ping_status":"open","sticky":false,"template":"","format":"standard","meta":{"ngg_post_thumbnail":0,"footnotes":""},"categories":[3],"tags":[],"class_list":["post-1619","post","type-post","status-publish","format-standard","hentry","category-participare"],"_links":{"self":[{"href":"https:\/\/sites.senat.ro\/index.php?rest_route=\/wp\/v2\/posts\/1619","targetHints":{"allow":["GET"]}}],"collection":[{"href":"https:\/\/sites.senat.ro\/index.php?rest_route=\/wp\/v2\/posts"}],"about":[{"href":"https:\/\/sites.senat.ro\/index.php?rest_route=\/wp\/v2\/types\/post"}],"author":[{"embeddable":true,"href":"https:\/\/sites.senat.ro\/index.php?rest_route=\/wp\/v2\/users\/2"}],"replies":[{"embeddable":true,"href":"https:\/\/sites.senat.ro\/index.php?rest_route=%2Fwp%2Fv2%2Fcomments&post=1619"}],"version-history":[{"count":0,"href":"https:\/\/sites.senat.ro\/index.php?rest_route=\/wp\/v2\/posts\/1619\/revisions"}],"wp:attachment":[{"href":"https:\/\/sites.senat.ro\/index.php?rest_route=%2Fwp%2Fv2%2Fmedia&parent=1619"}],"wp:term":[{"taxonomy":"category","embeddable":true,"href":"https:\/\/sites.senat.ro\/index.php?rest_route=%2Fwp%2Fv2%2Fcategories&post=1619"},{"taxonomy":"post_tag","embeddable":true,"href":"https:\/\/sites.senat.ro\/index.php?rest_route=%2Fwp%2Fv2%2Ftags&post=1619"}],"curies":[{"name":"wp","href":"https:\/\/api.w.org\/{rel}","templated":true}]}}