{"id":1613,"date":"2021-02-26T07:21:47","date_gmt":"2021-02-26T07:21:47","guid":{"rendered":"http:\/\/sites.senat.ro\/?p=1613"},"modified":"2021-07-21T07:22:12","modified_gmt":"2021-07-21T07:22:12","slug":"webinarul-cu-tema-actiunile-parlamentarilor-pentru-eradicarea-apatridiei-pana-in-2024-25-februarie-2021","status":"publish","type":"post","link":"https:\/\/sites.senat.ro\/?p=1613","title":{"rendered":"Webinarul cu tema \u201dAc\u021biunile parlamentarilor pentru eradicarea apatridiei p\u00e2n\u0103 \u00een 2024\u201d (25 februarie 2021)"},"content":{"rendered":"<p><a href=\"https:\/\/www.ipu.org\/file\/10253\/download\"><img loading=\"lazy\" decoding=\"async\" class=\"size-medium wp-image-1615 alignleft\" src=\"https:\/\/sites.senat.ro\/wp-content\/uploads\/sites\/2\/2021\/07\/Apatridie-300x168.png\" alt=\"\" width=\"300\" height=\"168\" srcset=\"https:\/\/sites.senat.ro\/wp-content\/uploads\/2021\/07\/Apatridie-300x168.png 300w, https:\/\/sites.senat.ro\/wp-content\/uploads\/2021\/07\/Apatridie-768x430.png 768w, https:\/\/sites.senat.ro\/wp-content\/uploads\/2021\/07\/Apatridie-1024x573.png 1024w, https:\/\/sites.senat.ro\/wp-content\/uploads\/2021\/07\/Apatridie-732x410.png 732w, https:\/\/sites.senat.ro\/wp-content\/uploads\/2021\/07\/Apatridie.png 1081w\" sizes=\"auto, (max-width: 300px) 100vw, 300px\" \/><\/a>La aceast\u0103 reuniune, organizat\u0103 de UIP, \u00een cooperare cu \u00cenaltul Comisariat al ONU pentru Refugia\u021bi (UNHCR), a participat dna deputat <strong>Oana Ozmen<\/strong>, membr\u0103 a Comitetului Director al GRUI.<\/p>\n<p>\u00cen cadrul lucr\u0103rilor, au fost evocate principalele angajamente interna\u021bionale asumate cu ocazia primului Forum mondial privind refugia\u021bii \u0219i a Segmentului la nivel \u00eenalt privind apatridia, organizate de UNHCR \u00een 2019, eviden\u021biindu-se oportunit\u0103\u021bile de implicare parlamentar\u0103 pentru transpunerea lor \u00een practic\u0103. \u00cen acest context, au fost prezentate progresele realizate \u00een campania global\u0103 <em>#IBelong<\/em>, lansat\u0103 de ONU \u00een 2014 \u0219i care are ca scop eliminarea apatridiei p\u00e2n\u0103 \u00een 2024.<\/p>\n<p>Participan\u021bii au f\u0103cut un schimb de opinii \u0219i informa\u021bii privind strategiile \u0219i modalit\u0103\u021bile de ac\u021biune parlamentar\u0103 pentru prevenirea \u0219i combaterea apatridiei \u0219i au subliniat rolul esen\u021bial al parlamentarilor \u00een asigurarea exercit\u0103rii, de c\u0103tre apatrizi, a drepturilor fundamentale ale omului, respectiv a celor ce privesc cet\u0103\u0163enia. Parlamentarii au fost \u00eencuraja\u021bi s\u0103 depun\u0103 eforturi pentru eliminarea discrimin\u0103rii de gen din legisla\u021bia privind na\u021bionalitatea \u0219i s\u0103 \u00eencurajeze guvernele s\u0103 adere la tratatele interna\u021bionale privind apatridia.<\/p>\n<p>&nbsp;<\/p>\n","protected":false},"excerpt":{"rendered":"<p>La aceast\u0103 reuniune, organizat\u0103 de UIP, \u00een cooperare cu \u00cenaltul Comisariat al ONU pentru Refugia\u021bi (UNHCR), a participat dna deputat Oana Ozmen, membr\u0103 a Comitetului Director al GRUI. \u00cen cadrul lucr\u0103rilor, au fost evocate principalele angajamente interna\u021bionale asumate cu ocazia primului Forum mondial privind refugia\u021bii \u0219i a Segmentului la nivel \u00eenalt privind apatridia, organizate de [&hellip;]<\/p>\n","protected":false},"author":2,"featured_media":0,"comment_status":"closed","ping_status":"open","sticky":false,"template":"","format":"standard","meta":{"ngg_post_thumbnail":0,"footnotes":""},"categories":[3],"tags":[],"class_list":["post-1613","post","type-post","status-publish","format-standard","hentry","category-participare"],"_links":{"self":[{"href":"https:\/\/sites.senat.ro\/index.php?rest_route=\/wp\/v2\/posts\/1613","targetHints":{"allow":["GET"]}}],"collection":[{"href":"https:\/\/sites.senat.ro\/index.php?rest_route=\/wp\/v2\/posts"}],"about":[{"href":"https:\/\/sites.senat.ro\/index.php?rest_route=\/wp\/v2\/types\/post"}],"author":[{"embeddable":true,"href":"https:\/\/sites.senat.ro\/index.php?rest_route=\/wp\/v2\/users\/2"}],"replies":[{"embeddable":true,"href":"https:\/\/sites.senat.ro\/index.php?rest_route=%2Fwp%2Fv2%2Fcomments&post=1613"}],"version-history":[{"count":0,"href":"https:\/\/sites.senat.ro\/index.php?rest_route=\/wp\/v2\/posts\/1613\/revisions"}],"wp:attachment":[{"href":"https:\/\/sites.senat.ro\/index.php?rest_route=%2Fwp%2Fv2%2Fmedia&parent=1613"}],"wp:term":[{"taxonomy":"category","embeddable":true,"href":"https:\/\/sites.senat.ro\/index.php?rest_route=%2Fwp%2Fv2%2Fcategories&post=1613"},{"taxonomy":"post_tag","embeddable":true,"href":"https:\/\/sites.senat.ro\/index.php?rest_route=%2Fwp%2Fv2%2Ftags&post=1613"}],"curies":[{"name":"wp","href":"https:\/\/api.w.org\/{rel}","templated":true}]}}