{"id":1573,"date":"2021-06-28T07:28:14","date_gmt":"2021-06-28T07:28:14","guid":{"rendered":"http:\/\/sites.senat.ro\/?p=1573"},"modified":"2022-03-31T12:01:04","modified_gmt":"2022-03-31T12:01:04","slug":"sesiunea-februarie-iunie-2021","status":"publish","type":"post","link":"https:\/\/sites.senat.ro\/?p=1573","title":{"rendered":"Sesiunea februarie &#8211; iunie 2021"},"content":{"rendered":"<p>&nbsp;<\/p>\n<p><img loading=\"lazy\" decoding=\"async\" class=\"size-full wp-image-1580 alignleft\" src=\"https:\/\/sites.senat.ro\/wp-content\/uploads\/sites\/2\/2021\/07\/cuba.gif\" alt=\"\" width=\"121\" height=\"80\"><\/p>\n<p>28 iunie 2021 &nbsp;&nbsp;&nbsp;&nbsp;&nbsp; \u00centrevederea dlui deputat Radu-Mihai Cristescu, pre\u0219edintele <strong>Grupului parlamentar de prietenie Rom\u00e2nia &#8211; Republica Cuba<\/strong>, cu E.S. dl Roberto C\u00e9sar Hamilton Maga\u00f1a, ambasadorul Republicii Cuba \u00een Rom\u00e2nia. Convorbirile au pus accent pe cooperarea bilateral\u0103 rom\u00e2no-cubanez\u0103, pe m\u0103surile luate de cele dou\u0103 \u021b\u0103ri pentru combaterea pandemiei de COVID-19 \u0219i pe necesitatea intensific\u0103rii schimburilor culturale, educa\u021bionale \u0219i \u00een domeniul turismului.<\/p>\n<p>&nbsp;<\/p>\n<p><img loading=\"lazy\" decoding=\"async\" class=\" wp-image-1605 alignleft\" src=\"https:\/\/sites.senat.ro\/wp-content\/uploads\/sites\/2\/2021\/07\/steag-Emiratele-arabe-unite.jpg\" alt=\"\" width=\"130\" height=\"65\"><\/p>\n<p>24 iunie 2021 &nbsp;&nbsp;&nbsp;&nbsp;&nbsp; \u00centrevederea dlui deputat Daniel Constantin, pre\u0219edintele <strong>Grupului parlamentar de prietenie Rom\u00e2nia &#8211; Emiratele Arabe Unite<\/strong>, cu E.S. dl Ahmed Abdulla Saeed Bin Saeed Almatrooshi, ambasadorul Emiratelor Arabe Unite \u00een Rom\u00e2nia<\/p>\n<p>&nbsp;<\/p>\n<p><img loading=\"lazy\" decoding=\"async\" class=\"alignnone wp-image-1592 alignleft\" src=\"https:\/\/sites.senat.ro\/wp-content\/uploads\/sites\/2\/2021\/07\/georgia.gif\" alt=\"\" width=\"128\" height=\"87\"><\/p>\n<p>23 iunie 2021 &nbsp;&nbsp;&nbsp;&nbsp;&nbsp; \u00centrevederea dlui deputat Radu Molnar, pre\u0219edintele <strong>Grupului parlamentar de prietenie Rom\u00e2nia &#8211; Georgia<\/strong>, cu E.S. dl Nikolos Nikolozishvili, ambasadorul Georgiei \u00een Rom\u00e2nia. P\u0103r\u021bile au subliniat bunele rela\u021bii dintre cele dou\u0103 state \u0219i \u0219i-au exprimat dorin\u021ba extinderii dialogului \u0219i cooper\u0103rii \u00een plan bilateral \u0219i regional, \u00een mai multe domenii: educa\u021bie, cultur\u0103, economie, justi\u021bie, infrastructur\u0103.<\/p>\n<p>&nbsp;<\/p>\n<p><img loading=\"lazy\" decoding=\"async\" class=\"size-full wp-image-1591 alignleft\" src=\"https:\/\/sites.senat.ro\/wp-content\/uploads\/sites\/2\/2021\/07\/franta.gif\" alt=\"\" width=\"123\" height=\"82\">23 iunie 2021 &nbsp;&nbsp;&nbsp;&nbsp;&nbsp; \u00centrevederea, \u00een sistem de videoconferin\u021b\u0103, a dlui deputat Radu-Marin Moisin, pre\u0219edintele <strong>Grupului parlamentar de prietenie Rom\u00e2nia &#8211; Republica Francez\u0103 (Camera Deputa\u021bilor)<\/strong>, cu dl Andr\u00e9 Chassaigne, pre\u0219edintele Grupului de prietenie omolog. Discu\u021biile au marcat un prim contact \u00eentre pre\u015fedin\u0163ii celor dou\u0103 grupuri de prietenie \u0219i au eviden\u021biat dorin\u021ba comun\u0103 de implicare pentru identificarea unor proiecte concrete de colaborare. Printre subiectele abordate s-au num\u0103rat cooperarea&nbsp;bilateral\u0103 \u00een contextul de\u021binerii de c\u0103tre Fran\u021ba, \u00een primul semestru al anului 2022, a pre\u0219edin\u021biei rotative a Consiliului UE \u0219i modalit\u0103\u021bile de diversificare a schimburilor economice, culturale, etc.<\/p>\n<p>&nbsp;<\/p>\n<p><img loading=\"lazy\" decoding=\"async\" class=\"size-full wp-image-1600 alignleft\" src=\"https:\/\/sites.senat.ro\/wp-content\/uploads\/sites\/2\/2021\/07\/japonia.gif\" alt=\"\" width=\"137\" height=\"82\">23 iunie 2021 &nbsp;&nbsp;&nbsp;&nbsp;&nbsp; \u00centrevederea dlui deputat Silviu-Nicu Macovei, pre\u0219edintele <strong>Grupului parlamentar de prietenie Rom\u00e2nia &#8211; Japonia<\/strong>, a dlui senator Sorin-Ioan Bumb, vicepre\u0219edintele Grupului \u0219i a dlui senator Leonard Azamfirei, membru al Grupului, cu E.S. dl Hiroshi Ueda, ambasadorul Japoniei \u00een Rom\u00e2nia. Convorbirile au pus accent pe necesitatea extinderii \u0219i consolid\u0103rii bunelor rela\u021bii dintre cele dou\u0103 p\u0103r\u021bi, inclusiv prin marcarea centenarului leg\u0103turilor diplomatice bilaterale.<\/p>\n<p>&nbsp;<\/p>\n<p><img loading=\"lazy\" decoding=\"async\" class=\"size-full wp-image-1607 alignleft\" src=\"https:\/\/sites.senat.ro\/wp-content\/uploads\/sites\/2\/2021\/07\/tunisia.gif\" alt=\"\" width=\"123\" height=\"83\">16 iunie 2021 &nbsp;&nbsp;&nbsp;&nbsp;&nbsp; \u00centrevederea dlui deputat Florian-Claudiu Neaga, pre\u0219edintele <strong>Grupului parlamentar de prietenie Rom\u00e2nia &#8211; Republica Tunisian\u0103<\/strong> \u0219i a membrilor Grupului, cu E.S. dna Raja Jhinaoui Ben Ali, ambasadorul Tunisiei \u00een Rom\u00e2nia. Interlocutorii au subliniat importan\u021ba diploma\u021biei parlamentare \u00een procesul de dezvoltare a cooper\u0103rii bilaterale \u0219i au eviden\u021biat faptul c\u0103 Tunisia este unul dintre principalii parteneri ai Rom\u00e2niei \u00een regiunea Africii de Nord.<\/p>\n<p>&nbsp;<\/p>\n<p><img loading=\"lazy\" decoding=\"async\" class=\"size-full wp-image-1582 alignleft\" src=\"https:\/\/sites.senat.ro\/wp-content\/uploads\/sites\/2\/2021\/07\/croatia.gif\" alt=\"\" width=\"140\" height=\"82\">9 iunie 2021 &nbsp;&nbsp;&nbsp;&nbsp;&nbsp;&nbsp;&nbsp;&nbsp; \u00centrevederea dlui deputat Alin-Costel Prunean, pre\u0219edintele <strong>Grupului parlamentar de prietenie<\/strong> <strong>Rom\u00e2nia &#8211; Republica Croa\u021bia<\/strong>, cu E.S. dna Marija Kapitanovi\u0107, ambasadorul Republicii Croa\u021bia \u00een Rom\u00e2nia. \u00cen cadrul discu\u021biilor, s-au abordat subiecte axate pe consolidarea rela\u021biilor bilaterale, dinamizarea schimburilor la nivelul grupurilor parlamentare de prietenie \u0219i intensificarea cooper\u0103rii \u00een mai multe domenii de interes comun: infrastructur\u0103, energie, turism, promovarea patrimoniului cultural. &nbsp;<\/p>\n<p>&nbsp;<\/p>\n<p><img loading=\"lazy\" decoding=\"async\" class=\" wp-image-1606 alignleft\" src=\"https:\/\/sites.senat.ro\/wp-content\/uploads\/sites\/2\/2021\/07\/Switzerland.png\" alt=\"\" width=\"111\" height=\"111\">8 iunie 2021 &nbsp;&nbsp;&nbsp;&nbsp;&nbsp;&nbsp;&nbsp;&nbsp; \u00centrevederea dlui deputat Sorin Mihai Grindeanu, pre\u0219edintele <strong>Grupului parlamentar de prietenie Rom\u00e2nia &#8211; Confedera\u021bia Elve\u021bian\u0103<\/strong>, cu E.S. dl Arthur Mattli, ambasadorul Confedera\u021biei Elve\u021biene \u00een Rom\u00e2nia<\/p>\n<p>&nbsp;<\/p>\n<p>&nbsp;<\/p>\n<p><img loading=\"lazy\" decoding=\"async\" class=\"size-full wp-image-1596 alignleft\" src=\"https:\/\/sites.senat.ro\/wp-content\/uploads\/sites\/2\/2021\/07\/indonezia.gif\" alt=\"\" width=\"123\" height=\"82\">7 iunie 2021 &nbsp;&nbsp;&nbsp;&nbsp;&nbsp;&nbsp;&nbsp;&nbsp; \u00centrevederea, \u00een sistem de videoconferin\u021b\u0103, a dlui deputat \u0218tefan Mu\u0219oiu, pre\u0219edintele <strong>Grupului parlamentar de prietenie Rom\u00e2nia &#8211; Republica Indonezia<\/strong>, cu dna Nurul Arifin, pre\u0219edintele Grupului de prietenie omolog. Oficialul rom\u00e2n a reiterat invita\u021bia ca o delega\u021bie a Grupului omolog s\u0103 efectueze o vizit\u0103 \u00een Rom\u00e2nia, pentru aprofundarea leg\u0103turilor dintre cele dou\u0103 structuri parlamentare \u0219i promovarea contactelor dintre Rom\u00e2nia \u015fi Indonezia \u00een toate domeniile de interes comun.<\/p>\n<p>&nbsp;<\/p>\n<p><img loading=\"lazy\" decoding=\"async\" class=\"size-full wp-image-1585 alignleft\" src=\"https:\/\/sites.senat.ro\/wp-content\/uploads\/sites\/2\/2021\/07\/estonia.gif\" alt=\"\" width=\"129\" height=\"82\">3 iunie 2021 &nbsp;&nbsp;&nbsp;&nbsp;&nbsp;&nbsp;&nbsp;&nbsp; \u00centrevederea dlui deputat Marius-Andrei Miftode, pre\u0219edintele <strong>Grupului parlamentar de prietenie Rom\u00e2nia &#8211; Republica Estonia<\/strong>, \u0219i a membrilor Grupului cu E.S. dna Ingrid Kressel, ambasadorul Republicii Estonia \u00een Rom\u00e2nia. Discu\u021biile au eviden\u021biat calitatea dialogului politic dintre Rom\u00e2nia \u0219i Estonia \u0219i au pus accent pe perspectivele pozitive privind continuarea \u0219i dinamizarea acestuia \u0219i impulsionarea schimburilor comerciale, investi\u021biilor \u0219i cooper\u0103rii sectoriale.<\/p>\n<p>&nbsp;<\/p>\n<p><img loading=\"lazy\" decoding=\"async\" class=\"size-full wp-image-1591 alignleft\" src=\"https:\/\/sites.senat.ro\/wp-content\/uploads\/sites\/2\/2021\/07\/franta.gif\" alt=\"\" width=\"123\" height=\"82\">24 mai 2021&nbsp;&nbsp;&nbsp;&nbsp;&nbsp;&nbsp;&nbsp;&nbsp;&nbsp; Participarea dlui senator Titus Corl\u0103\u021bean, pre\u0219edintele <strong>Grupului parlamentar de prietenie Rom\u00e2nia &#8211; Republica Francez\u0103 (Senat)<\/strong>, pre\u0219edintele Comisiei pentru politic\u0103 extern\u0103 a Senatului, a dlui deputat Radu-Marin Moisin, pre\u0219edintele Grupului parlamentar de prietenie Rom\u00e2nia-Fran\u021ba din Camera Deputa\u021bilor, \u0219i a dnei deputat Oana-Consuela Florea, pre\u0219edinta Grupului parlamentar de prietenie Rom\u00e2nia-Belgia, la reuniunea cu reprezentan\u021bi ai institu\u021biilor francofone, cu tema <em>Rom\u00e2nia, stat-far al Francofoniei &#8211; perspectivele francofone \u00een Uniunea European\u0103. <\/em>Reuniunea a fost&nbsp;organizat\u0103 cu ocazia misiunii de consolidare a Francofoniei \u00een Rom\u00e2nia a Adun\u0103rii Parlamentare a Francofoniei<em>. <\/em>Parlamentarii rom\u00e2ni au subliniat statutul special al Fran\u0163ei \u0219i Belgiei \u00een ansamblul rela\u021biilor de cooperare parlamentar\u0103 ale Rom\u00e2niei \u0219i au reafirmat importan\u021ba apartenen\u021bei \u021b\u0103rii noastre la familia francofon\u0103, fundamentat\u0103 pe ra\u021biunile istorice, pe motiva\u021biile culturale \u0219i educa\u021bionale \u0219i pe cooperarea politic\u0103 \u00eendelungat\u0103 \u00een plan multilateral, dar \u0219i pe simbolistica deosebit\u0103 pe care Francofonia a dob\u00e2ndit-o de-a lungul timpului, reflectat\u0103 printr-un mod de via\u021b\u0103 ata\u0219at constant valorilor democratice.<\/p>\n<p>&nbsp;<\/p>\n<p><img loading=\"lazy\" decoding=\"async\" class=\"size-full wp-image-1595 alignleft\" src=\"https:\/\/sites.senat.ro\/wp-content\/uploads\/sites\/2\/2021\/07\/india.gif\" alt=\"\" width=\"123\" height=\"82\">19 mai 2021 &nbsp;&nbsp;&nbsp;&nbsp;&nbsp;&nbsp;&nbsp;&nbsp; \u00centrevederea dlui deputat Gabriel Andronache, membru al <strong>Grupului parlamentar de prietenie Rom\u00e2nia &#8211; India<\/strong> \u0219i a altor reprezentan\u021bi ai Grupului cu E.S. dl Rahul Shrivastava, ambasadorul Indiei \u00een Rom\u00e2nia. Convorbirile s-au axat pe rela\u021biile bilaterale rom\u00e2no-indiene, inclusiv la nivel parlamentar, pe m\u0103surile luate pentru combaterea pandemiei de COVID-19 \u0219i pe mijloacele de consolidare a rela\u021biilor economice.<\/p>\n<p>&nbsp;<\/p>\n<p>&nbsp;<\/p>\n<p>&nbsp;<\/p>\n","protected":false},"excerpt":{"rendered":"<p>&nbsp; 28 iunie 2021 &nbsp;&nbsp;&nbsp;&nbsp;&nbsp; \u00centrevederea dlui deputat Radu-Mihai Cristescu, pre\u0219edintele Grupului parlamentar de prietenie Rom\u00e2nia &#8211; Republica Cuba, cu E.S. dl Roberto C\u00e9sar Hamilton Maga\u00f1a, ambasadorul Republicii Cuba \u00een Rom\u00e2nia. Convorbirile au pus accent pe cooperarea bilateral\u0103 rom\u00e2no-cubanez\u0103, pe m\u0103surile luate de cele dou\u0103 \u021b\u0103ri pentru combaterea pandemiei de COVID-19 \u0219i pe necesitatea intensific\u0103rii [&hellip;]<\/p>\n","protected":false},"author":2,"featured_media":0,"comment_status":"closed","ping_status":"open","sticky":false,"template":"","format":"standard","meta":{"ngg_post_thumbnail":0,"footnotes":""},"categories":[8,1],"tags":[],"class_list":["post-1573","post","type-post","status-publish","format-standard","hentry","category-intrevederi","category-prietenie"],"_links":{"self":[{"href":"https:\/\/sites.senat.ro\/index.php?rest_route=\/wp\/v2\/posts\/1573","targetHints":{"allow":["GET"]}}],"collection":[{"href":"https:\/\/sites.senat.ro\/index.php?rest_route=\/wp\/v2\/posts"}],"about":[{"href":"https:\/\/sites.senat.ro\/index.php?rest_route=\/wp\/v2\/types\/post"}],"author":[{"embeddable":true,"href":"https:\/\/sites.senat.ro\/index.php?rest_route=\/wp\/v2\/users\/2"}],"replies":[{"embeddable":true,"href":"https:\/\/sites.senat.ro\/index.php?rest_route=%2Fwp%2Fv2%2Fcomments&post=1573"}],"version-history":[{"count":0,"href":"https:\/\/sites.senat.ro\/index.php?rest_route=\/wp\/v2\/posts\/1573\/revisions"}],"wp:attachment":[{"href":"https:\/\/sites.senat.ro\/index.php?rest_route=%2Fwp%2Fv2%2Fmedia&parent=1573"}],"wp:term":[{"taxonomy":"category","embeddable":true,"href":"https:\/\/sites.senat.ro\/index.php?rest_route=%2Fwp%2Fv2%2Fcategories&post=1573"},{"taxonomy":"post_tag","embeddable":true,"href":"https:\/\/sites.senat.ro\/index.php?rest_route=%2Fwp%2Fv2%2Ftags&post=1573"}],"curies":[{"name":"wp","href":"https:\/\/api.w.org\/{rel}","templated":true}]}}