{"id":1454,"date":"2020-11-17T15:31:11","date_gmt":"2020-11-17T15:31:11","guid":{"rendered":"http:\/\/sites.senat.ro\/?p=1454"},"modified":"2020-12-28T11:18:39","modified_gmt":"2020-12-28T11:18:39","slug":"ziua-patrimoniului-mondial-unesco-din-romania-16-noiembrie-2020","status":"publish","type":"post","link":"https:\/\/sites.senat.ro\/?p=1454","title":{"rendered":"Ziua Patrimoniului Mondial UNESCO din Rom\u00e2nia &#8211; 16 noiembrie 2020"},"content":{"rendered":"\n<div class=\"wp-block-image\"><figure class=\"alignleft is-resized\"><img loading=\"lazy\" decoding=\"async\" src=\"https:\/\/sites.senat.ro\/wp-content\/uploads\/sites\/2\/2019\/12\/UNESCO.png\" alt=\"\" class=\"wp-image-1078\" width=\"130\" height=\"130\" srcset=\"https:\/\/sites.senat.ro\/wp-content\/uploads\/2019\/12\/UNESCO.png 225w, https:\/\/sites.senat.ro\/wp-content\/uploads\/2019\/12\/UNESCO-150x150.png 150w\" sizes=\"auto, (max-width: 130px) 100vw, 130px\" \/><\/figure><\/div>\n\n\n\n<p>Edi\u021bia 2020 a Zilei Patrimoniului Mondial UNESCO din Rom\u00e2nia a fost marcat\u0103 de membrii Comisiei permanente comune a Camerei Deputa\u0163ilor \u015fi Senatului pentru rela\u0163ia cu UNESCO printr-o \u015fedin\u0163\u0103 festiv\u0103 la care a participat on line \u0219i dna Simona-Mirela Miculescu, noul Delegat permanent al Rom\u00e2niei pe l\u00e2ng\u0103 UNESCO.<\/p>\n\n\n\n<div class=\"wp-block-image\"><figure class=\"aligncenter is-resized\"><img loading=\"lazy\" decoding=\"async\" src=\"https:\/\/sites.senat.ro\/wp-content\/uploads\/sites\/2\/2020\/12\/UNESCO_Palar.jpg\" alt=\"\" class=\"wp-image-1456\" width=\"546\" height=\"362\" srcset=\"https:\/\/sites.senat.ro\/wp-content\/uploads\/2020\/12\/UNESCO_Palar.jpg 800w, https:\/\/sites.senat.ro\/wp-content\/uploads\/2020\/12\/UNESCO_Palar-300x200.jpg 300w, https:\/\/sites.senat.ro\/wp-content\/uploads\/2020\/12\/UNESCO_Palar-768x511.jpg 768w, https:\/\/sites.senat.ro\/wp-content\/uploads\/2020\/12\/UNESCO_Palar-732x487.jpg 732w\" sizes=\"auto, (max-width: 546px) 100vw, 546px\" \/><\/figure><\/div>\n\n\n\n<p>\u00cen alocu\u021biunea sa, dl deputat Ionel Pal\u0103r, pre\u015fedintele Comisiei, a evocat realiz\u0103rile din ultimii ani ale acestei structuri parlamentare specializate, referindu-se, printre altele, la demersurile pentru \u00eenscrierea M\u0103r\u021bi\u0219orului \u0219i a Scoar\u021bei rom\u00e2ne\u0219ti \u00een Lista patrimoniului cultural imaterial al umanit\u0103\u021bii \u0219i la cele viz\u00e2nd clarificarea regimului juridic al terenurilor de la Cet\u0103\u021bile dacice din Mun\u021bii Or\u0103\u0219tiei, obiective care fac parte din patrimoniul mondial al UNESCO.<\/p>\n\n\n\n<div class=\"wp-block-image\"><figure class=\"aligncenter is-resized\"><img loading=\"lazy\" decoding=\"async\" src=\"https:\/\/sites.senat.ro\/wp-content\/uploads\/sites\/2\/2020\/12\/UNESCO_Miculescu.jpg\" alt=\"\" class=\"wp-image-1455\" width=\"585\" height=\"393\" srcset=\"https:\/\/sites.senat.ro\/wp-content\/uploads\/2020\/12\/UNESCO_Miculescu.jpg 448w, https:\/\/sites.senat.ro\/wp-content\/uploads\/2020\/12\/UNESCO_Miculescu-300x202.jpg 300w\" sizes=\"auto, (max-width: 585px) 100vw, 585px\" \/><\/figure><\/div>\n\n\n\n<p>La r\u00e2ndul s\u0103u, dna Simona-Mirela Miculescu a men\u021bionat c\u0103 una dintre\npriorit\u0103\u0163ile mandatului s\u0103u va fi o mai bun\u0103 reprezentare a Rom\u00e2niei \u00een\nforurile de decizie ale UNESCO, \u00een scopul consolid\u0103rii profilului \u021b\u0103rii noastre\n\u00een cadrul organiza\u021biei.<\/p>\n\n\n\n<p><em>La ini\u0163iativa Comisiei\npermanente comune a Camerei Deputa\u0163ilor \u015fi Senatului pentru rela\u0163ia cu UNESCO,\nZiua Patrimoniului Mondial UNESCO din Rom\u00e2nia este s\u0103rb\u0103torit\u0103, \u00eencep\u00e2nd cu\nanul 2013, la data de 16 noiembrie. <\/em><em>La aceea\u015fi dat\u0103, \u00een 1972, statele membre ale UNESCO au adoptat Conven\u0163ia\nprivind protec\u0163ia patrimoniului mondial, cultural \u015fi natural.<\/em><\/p>\n","protected":false},"excerpt":{"rendered":"<p>Edi\u021bia 2020 a Zilei Patrimoniului Mondial UNESCO din Rom\u00e2nia a fost marcat\u0103 de membrii Comisiei permanente comune a Camerei Deputa\u0163ilor \u015fi Senatului pentru rela\u0163ia cu UNESCO printr-o \u015fedin\u0163\u0103 festiv\u0103 la care a participat on line \u0219i dna Simona-Mirela Miculescu, noul Delegat permanent al Rom\u00e2niei pe l\u00e2ng\u0103 UNESCO. \u00cen alocu\u021biunea sa, dl deputat Ionel Pal\u0103r, pre\u015fedintele [&hellip;]<\/p>\n","protected":false},"author":2,"featured_media":0,"comment_status":"closed","ping_status":"open","sticky":false,"template":"","format":"standard","meta":{"ngg_post_thumbnail":0,"footnotes":""},"categories":[4],"tags":[],"class_list":["post-1454","post","type-post","status-publish","format-standard","hentry","category-onu"],"_links":{"self":[{"href":"https:\/\/sites.senat.ro\/index.php?rest_route=\/wp\/v2\/posts\/1454","targetHints":{"allow":["GET"]}}],"collection":[{"href":"https:\/\/sites.senat.ro\/index.php?rest_route=\/wp\/v2\/posts"}],"about":[{"href":"https:\/\/sites.senat.ro\/index.php?rest_route=\/wp\/v2\/types\/post"}],"author":[{"embeddable":true,"href":"https:\/\/sites.senat.ro\/index.php?rest_route=\/wp\/v2\/users\/2"}],"replies":[{"embeddable":true,"href":"https:\/\/sites.senat.ro\/index.php?rest_route=%2Fwp%2Fv2%2Fcomments&post=1454"}],"version-history":[{"count":0,"href":"https:\/\/sites.senat.ro\/index.php?rest_route=\/wp\/v2\/posts\/1454\/revisions"}],"wp:attachment":[{"href":"https:\/\/sites.senat.ro\/index.php?rest_route=%2Fwp%2Fv2%2Fmedia&parent=1454"}],"wp:term":[{"taxonomy":"category","embeddable":true,"href":"https:\/\/sites.senat.ro\/index.php?rest_route=%2Fwp%2Fv2%2Fcategories&post=1454"},{"taxonomy":"post_tag","embeddable":true,"href":"https:\/\/sites.senat.ro\/index.php?rest_route=%2Fwp%2Fv2%2Ftags&post=1454"}],"curies":[{"name":"wp","href":"https:\/\/api.w.org\/{rel}","templated":true}]}}