{"id":1443,"date":"2020-08-22T14:08:07","date_gmt":"2020-08-22T14:08:07","guid":{"rendered":"http:\/\/sites.senat.ro\/?p=1443"},"modified":"2020-12-28T11:13:54","modified_gmt":"2020-12-28T11:13:54","slug":"cea-de-a-cincea-conferinta-mondiala-a-presedintilor-de-parlamente-19-20-august-2020","status":"publish","type":"post","link":"https:\/\/sites.senat.ro\/?p=1443","title":{"rendered":"Cea de-a cincea Conferin\u021b\u0103 mondial\u0103 a pre\u0219edin\u021bilor de parlamente (19-20 august 2020)"},"content":{"rendered":"\n<div class=\"wp-block-image\"><figure class=\"alignleft is-resized\"><img loading=\"lazy\" decoding=\"async\" src=\"https:\/\/sites.senat.ro\/wp-content\/uploads\/sites\/2\/2020\/12\/Logo_Conf_presedinti1024x512-13th-1024x512.jpg\" alt=\"\" class=\"wp-image-1442\" width=\"269\" height=\"135\" srcset=\"https:\/\/sites.senat.ro\/wp-content\/uploads\/2020\/12\/Logo_Conf_presedinti1024x512-13th.jpg 1024w, https:\/\/sites.senat.ro\/wp-content\/uploads\/2020\/12\/Logo_Conf_presedinti1024x512-13th-300x150.jpg 300w, https:\/\/sites.senat.ro\/wp-content\/uploads\/2020\/12\/Logo_Conf_presedinti1024x512-13th-768x384.jpg 768w, https:\/\/sites.senat.ro\/wp-content\/uploads\/2020\/12\/Logo_Conf_presedinti1024x512-13th-732x366.jpg 732w\" sizes=\"auto, (max-width: 269px) 100vw, 269px\" \/><\/figure><\/div>\n\n\n\n<p>Prima parte\na celei de-a cincea edi\u021bii a Conferin\u021bei mondiale a pre\u0219edin\u021bilor de parlamente\na avut loc <em>on line <\/em>\u0219i a fost\norganizat\u0103 de UIP \u00een\ncolaborare cu ONU \u0219i Parlamentul Austriei.<\/p>\n\n\n\n<p>La eveniment &nbsp;au participat <a href=\"https:\/\/www.ipu.org\/file\/9570\/download\">lideri<\/a> ai forurilor legislative na\u021bionale din peste 100 de \u021b\u0103ri de pe toate continentele, reprezentan\u021bi ai adun\u0103rilor parlamentare interna\u021bionale, oficiali ONU, exper\u021bi \u0219i reprezentan\u021bi ai societ\u0103\u021bii civile. Parlamentul Rom\u00e2niei a fost reprezentat de dl Robert Cazanciuc, pre\u0219edintele interimar al Senatului. <\/p>\n\n\n\n<p>\u00cen cadrul lucr\u0103rilor, au fost abordate subiecte prioritare ale cooper\u0103rii interna\u021bionale, precum: <em>viitorul democra\u021biei, dezvoltarea durabil\u0103, schimb\u0103rile climatice, combaterea terorismului \u0219i a extremismului violent, egalitatea de gen, consolidarea statutului tinerilor, mobilitatea uman\u0103, dimensiunea etic\u0103 a \u0219tiin\u021bei \u0219i tehnologiei <\/em>sau <em>rolul parlamentelor \u00een secolul XXI.<\/em> <\/p>\n\n\n\n<div class=\"wp-block-image\"><figure class=\"alignleft is-resized\"><img loading=\"lazy\" decoding=\"async\" src=\"https:\/\/sites.senat.ro\/wp-content\/uploads\/sites\/2\/2020\/12\/Robert-Cazanciuc-RO_1-2-819x1024.jpg\" alt=\"\" class=\"wp-image-1440\" width=\"303\" height=\"379\" srcset=\"https:\/\/sites.senat.ro\/wp-content\/uploads\/2020\/12\/Robert-Cazanciuc-RO_1-2-819x1024.jpg 819w, https:\/\/sites.senat.ro\/wp-content\/uploads\/2020\/12\/Robert-Cazanciuc-RO_1-2-240x300.jpg 240w, https:\/\/sites.senat.ro\/wp-content\/uploads\/2020\/12\/Robert-Cazanciuc-RO_1-2-768x960.jpg 768w, https:\/\/sites.senat.ro\/wp-content\/uploads\/2020\/12\/Robert-Cazanciuc-RO_1-2-732x915.jpg 732w, https:\/\/sites.senat.ro\/wp-content\/uploads\/2020\/12\/Robert-Cazanciuc-RO_1-2-1140x1425.jpg 1140w\" sizes=\"auto, (max-width: 303px) 100vw, 303px\" \/><\/figure><\/div>\n\n\n\n<p>\u00cen <a href=\"https:\/\/www.ipu.org\/file\/9423\/download\">discursul<\/a>&nbsp;s\u0103u pe tema dezbaterii generale a Conferin\u021bei &#8211;&nbsp;<em>Mobilizarea parlamentelor pentru un multilateralism mai eficace \u00een asigurarea p\u0103cii \u0219i dezvolt\u0103rii durabile pentru oameni \u0219i pentru \u00eentreaga planet\u0103,<\/em>&nbsp;pre\u0219edintele interimar al Senatului a subliniat rolul activ al Parlamentului Rom\u00e2niei \u00een actuala perioada de criz\u0103 \u0219i faptul c\u0103 Senatul a continuat s\u0103-\u0219i exercite func\u021biile de legiferare \u0219i de control, adapt\u00e2ndu-se rapid la modul de lucru&nbsp; \u00een format digital. A precizat c\u0103 actele legislative adoptate \u00een perioada st\u0103rii de urgen\u021b\u0103 \u0219i a st\u0103rilor succesive de alert\u0103 au vizat, cu prec\u0103dere, s\u0103n\u0103tatea cet\u0103\u021benilor, protec\u021bia categoriilor celor mai vulnerabile, accesul digital la educa\u021bie \u0219i crearea de facilit\u0103\u021bi fiscale \u00een economie, \u0219i a subliniat necesitatea men\u021binerii unui raport corect restric\u021bii&nbsp;<em>versus<\/em>&nbsp;drepturi fundamentale, \u00een cadrul m\u0103surilor de limitare a efectelor pandemiei. \u00cen contextul s\u0103rb\u0103toririi a 75 de ani de la crearea ONU \u0219i a 65 de ani de la aderarea \u021b\u0103rii noastre la Organiza\u021bie, pre\u0219edintele interimar al Senatului a reafirmat angajamentul Rom\u00e2niei \u00een sprijinul cooper\u0103rii multilaterale \u0219i a pledat pentru dezvoltarea parteneriatelor dintre organiza\u021biile interna\u021bionale, parlamente, autorit\u0103\u021bi locale, mediul academic, sectorul privat \u0219i societatea civil\u0103.<\/p>\n\n\n\n<p><em><a href=\"https:\/\/www.ipu.org\/file\/9550\/download\">Documentul final <\/a><\/em>al conferin\u021bei eviden\u021biaz\u0103 contribu\u021bia esen\u021bial\u0103 a parlamentelor la identificarea \u0219i transpunerea \u00een practic\u0103 a r\u0103spunsurilor la actualele provoc\u0103ri globale; exprim\u0103 angajamentul pre\u0219edin\u021bilor de parlamente de a ap\u0103ra ordinea interna\u021bional\u0103 bazat\u0103 pe norme \u0219i sistemul multilateral fondat pe obiectivele \u0219i principiile Cartei Na\u021biunilor Unite; afirm\u0103 necesitatea reform\u0103rii \u0219i consolid\u0103rii ONU; subliniaz\u0103 c\u0103 &#8222;deciziile adoptate \u00eentr-un cadru multilateral \u00een care se fac auzite \u0219i vocile parlamentelor sunt mai democratice, mai incluzive \u0219i mai durabile&#8221;. <\/p>\n\n\n\n<p style=\"text-align:center\">***<\/p>\n\n\n\n<p>Conferin\u021ba a fost prefa\u021bat\u0103 de mesaje video prin intermediul c\u0103rora pre\u0219edin\u021bii de parlamente \u0219i-au exprimat viziunea cu privire la rolul parlamentelor \u00een reconstruc\u021bia post-pandemie. Pre\u0219edintele interimar al Senatului a subliniat, \u00een <a href=\"https:\/\/www.youtube.com\/watch?v=c2OcRPFxw1s&amp;list=PLLwJpE_EfvM6EnuP1Fiab8nZ7TdmD39rG&amp;index=45\">mesajul<\/a> s\u0103u, c\u0103 redresarea post trebuie s\u0103 conduc\u0103 c\u0103tre lume mai sigur\u0103 \u0219i mai echitabil\u0103 pentru genera\u021biile prezente \u0219i viitoare \u0219i c\u0103 aceast\u0103 sarcin\u0103 dificil\u0103 se poate realiza numai cu \u0219i prin implicarea parlamentelor, care, ca promotori \u0219i ap\u0103r\u0103tori ai valorilor democratice, sunt garan\u021bii unei reconstruc\u021bii axate pe oameni, durabil\u0103 \u0219i guvernat\u0103 de lege. <\/p>\n","protected":false},"excerpt":{"rendered":"<p>Prima parte a celei de-a cincea edi\u021bii a Conferin\u021bei mondiale a pre\u0219edin\u021bilor de parlamente a avut loc on line \u0219i a fost organizat\u0103 de UIP \u00een colaborare cu ONU \u0219i Parlamentul Austriei. La eveniment &nbsp;au participat lideri ai forurilor legislative na\u021bionale din peste 100 de \u021b\u0103ri de pe toate continentele, reprezentan\u021bi ai adun\u0103rilor parlamentare interna\u021bionale, [&hellip;]<\/p>\n","protected":false},"author":2,"featured_media":0,"comment_status":"closed","ping_status":"open","sticky":false,"template":"","format":"standard","meta":{"ngg_post_thumbnail":0,"footnotes":""},"categories":[3],"tags":[],"class_list":["post-1443","post","type-post","status-publish","format-standard","hentry","category-participare"],"_links":{"self":[{"href":"https:\/\/sites.senat.ro\/index.php?rest_route=\/wp\/v2\/posts\/1443","targetHints":{"allow":["GET"]}}],"collection":[{"href":"https:\/\/sites.senat.ro\/index.php?rest_route=\/wp\/v2\/posts"}],"about":[{"href":"https:\/\/sites.senat.ro\/index.php?rest_route=\/wp\/v2\/types\/post"}],"author":[{"embeddable":true,"href":"https:\/\/sites.senat.ro\/index.php?rest_route=\/wp\/v2\/users\/2"}],"replies":[{"embeddable":true,"href":"https:\/\/sites.senat.ro\/index.php?rest_route=%2Fwp%2Fv2%2Fcomments&post=1443"}],"version-history":[{"count":0,"href":"https:\/\/sites.senat.ro\/index.php?rest_route=\/wp\/v2\/posts\/1443\/revisions"}],"wp:attachment":[{"href":"https:\/\/sites.senat.ro\/index.php?rest_route=%2Fwp%2Fv2%2Fmedia&parent=1443"}],"wp:term":[{"taxonomy":"category","embeddable":true,"href":"https:\/\/sites.senat.ro\/index.php?rest_route=%2Fwp%2Fv2%2Fcategories&post=1443"},{"taxonomy":"post_tag","embeddable":true,"href":"https:\/\/sites.senat.ro\/index.php?rest_route=%2Fwp%2Fv2%2Ftags&post=1443"}],"curies":[{"name":"wp","href":"https:\/\/api.w.org\/{rel}","templated":true}]}}