{"id":1437,"date":"2020-11-08T12:46:54","date_gmt":"2020-11-08T12:46:54","guid":{"rendered":"http:\/\/sites.senat.ro\/?p=1437"},"modified":"2020-12-28T11:14:37","modified_gmt":"2020-12-28T11:14:37","slug":"sesiunea-extraordinara-on-line-a-consiliului-director-al-uniunii-interparlamentare-1-3-noiembrie-2020","status":"publish","type":"post","link":"https:\/\/sites.senat.ro\/?p=1437","title":{"rendered":"Sesiunea extraordinar\u0103 on line a Consiliului Director al Uniunii Interparlamentare  (1-3 noiembrie 2020)"},"content":{"rendered":"\n<p>Evenimentul a reunit parlamentari din 145 de \u021b\u0103ri membre\nale UIP. Din delega\u021bia Rom\u00e2niei, condus\u0103 de dl deputat Dumitru Oprea,\nvicepre\u0219edinte al GRUI, au f\u0103cut parte dna deputat Eliza-M\u0103d\u0103lina\nPe\u021ba-\u0218tef\u0103nescu, vicepre\u0219edint\u0103 a GRUI, \u0219i dna senator Silvia-Monica Dinic\u0103,\nmembr\u0103 a GRUI, membr\u0103 a Biroului Comisiei UIP pentru dezvoltare durabil\u0103. <\/p>\n\n\n\n<p>Sesiunea a fost prezidat\u0103 de dl Guomin Chen (R.P. Chinez\u0103), pre\u0219edinte \u00een exerci\u021biu al UIP, vicepre\u0219edinte al Comitetului Executiv al UIP.<\/p>\n\n\n\n<figure class=\"wp-block-image\"><img loading=\"lazy\" decoding=\"async\" width=\"1024\" height=\"500\" src=\"https:\/\/sites.senat.ro\/wp-content\/uploads\/sites\/2\/2020\/12\/Foto_Consiliu-1024x500.jpeg\" alt=\"\" class=\"wp-image-1438\" srcset=\"https:\/\/sites.senat.ro\/wp-content\/uploads\/2020\/12\/Foto_Consiliu.jpeg 1024w, https:\/\/sites.senat.ro\/wp-content\/uploads\/2020\/12\/Foto_Consiliu-300x146.jpeg 300w, https:\/\/sites.senat.ro\/wp-content\/uploads\/2020\/12\/Foto_Consiliu-768x375.jpeg 768w, https:\/\/sites.senat.ro\/wp-content\/uploads\/2020\/12\/Foto_Consiliu-732x357.jpeg 732w\" sizes=\"auto, (max-width: 1024px) 100vw, 1024px\" \/><\/figure>\n\n\n\n<p>Consiliul a examinat \u0219i, dup\u0103 caz,\naprobat rezultatele financiare ale UIP \u00een 2019, proiectul de buget al\norganiza\u021biei pentru 2021, rezultatele Conferin\u021bei mondiale a pre\u0219edin\u021bilor de\nparlamente \u0219i ale Summit-ului femeilor pre\u0219edin\u021bi de parlamente, organizate <em>on line<\/em>, \u00een luna august 2020.<\/p>\n\n\n\n<p>Pe agend\u0103 au mai figurat: raportul de activitate al pre\u0219edintelui onorific al UIP, dna Gabriela Cuevas Baron (Mexic), pre\u0219edinte al UIP \u00een perioada octombrie 2017-octombrie 2020, intitulat <em>Trei ani de colaborare pentru o UIP mai incluziv\u0103 \u0219i mai democratic\u0103<\/em>; raportul privind activit\u0103\u021bile Secretariatului UIP \u00een perioada pandemiei; raportul de activitate al Comitetului UIP pentru drepturile omului ale parlamentarilor. <\/p>\n\n\n\n<p>Consiliul a avut \u00een aten\u021bie \u0219i evolu\u021bia\ncrizei politice \u0219i sociale din Republica Mali \u00een urma loviturii de stat\nmilitare din 18 august 2020 \u0219i a decis s\u0103 sprijine procesul de normalizare a\nordinii constitu\u021bionale \u00een aceast\u0103 \u021bar\u0103, prin furnizarea de asisten\u021b\u0103 tehnic\u0103\nConsiliului Na\u021bional de Tranzi\u021bie. &nbsp;<\/p>\n\n\n\n<p>Un punct de interes major \u00een programul sesiunii extraordinare\na fost <strong>alegerea noului pre\u0219edinte al UIP<\/strong>,\nfunc\u021bie pentru care au candidat patru parlamentari din Canada, Pakistan,\nPortugalia \u0219i Uzbekistan.&nbsp; <\/p>\n\n\n\n<p>Dna senator Silvia-Monica Dinic\u0103 a avut o interven\u021bie \u00een cadrul\nsesiunii de \u00eentreb\u0103ri privind priorit\u0103\u021bile \u0219i viziunea candida\u021bilor. Cu aceast\u0103\nocazie, a evocat m\u0103surile adoptate de parlamentele din \u00eentreaga lume pentru\ntranzi\u021bia la modul de lucru \u00een format virtual \u0219i a felicitat UIP pentru\nintegrarea cu succes a instrumentelor digitale, asigur\u00e2nd astfel continuitatea\nactivit\u0103\u021bii \u0219i asisten\u021bei acordate parlamentelor \u00een perioada de criz\u0103 pandemic\u0103.\n\u00cen acest context, a solicitat opinia candida\u021bilor cu privire la oportunitatea\ntransform\u0103rii evenimentelor virtuale \u00eentr-o component\u0103 permanent\u0103 a activit\u0103\u021bii\nUIP, \u00een m\u0103sur\u0103 s\u0103 contribuie la cre\u0219terea eficien\u021bei \u0219i la diversificarea\nmijloacelor de ac\u021biune ale organiza\u021biei. Propunerile senatorului rom\u00e2n au fost salutate\nde to\u021bi candida\u021bii, care au confirmat c\u0103 utilizarea extins\u0103 a noilor tehnologii\ndigitale reprezint\u0103 o necesitate \u0219i un mijloc eficient de consolidare a\nprofilului interna\u021bional al organiza\u021biei. <\/p>\n\n\n\n<p>\u00cen urma scrutinului virtual, dl Duarte Pacheco,\npre\u0219edintele Grupului portughez al UIP, candidatul sus\u021binut de Grupul\ngeopolitic 12 Plus din care face parte \u0219i Rom\u00e2nia, a \u00eentrunit majoritatea\nabsolut\u0103 a voturilor exprimate, devenind cel de-al 30-lea pre\u0219edinte al UIP \u0219i\nprimul ales <em>on line<\/em>. <\/p>\n","protected":false},"excerpt":{"rendered":"<p>Evenimentul a reunit parlamentari din 145 de \u021b\u0103ri membre ale UIP. Din delega\u021bia Rom\u00e2niei, condus\u0103 de dl deputat Dumitru Oprea, vicepre\u0219edinte al GRUI, au f\u0103cut parte dna deputat Eliza-M\u0103d\u0103lina Pe\u021ba-\u0218tef\u0103nescu, vicepre\u0219edint\u0103 a GRUI, \u0219i dna senator Silvia-Monica Dinic\u0103, membr\u0103 a GRUI, membr\u0103 a Biroului Comisiei UIP pentru dezvoltare durabil\u0103. Sesiunea a fost prezidat\u0103 de dl [&hellip;]<\/p>\n","protected":false},"author":2,"featured_media":0,"comment_status":"closed","ping_status":"open","sticky":false,"template":"","format":"standard","meta":{"ngg_post_thumbnail":0,"footnotes":""},"categories":[3],"tags":[],"class_list":["post-1437","post","type-post","status-publish","format-standard","hentry","category-participare"],"_links":{"self":[{"href":"https:\/\/sites.senat.ro\/index.php?rest_route=\/wp\/v2\/posts\/1437","targetHints":{"allow":["GET"]}}],"collection":[{"href":"https:\/\/sites.senat.ro\/index.php?rest_route=\/wp\/v2\/posts"}],"about":[{"href":"https:\/\/sites.senat.ro\/index.php?rest_route=\/wp\/v2\/types\/post"}],"author":[{"embeddable":true,"href":"https:\/\/sites.senat.ro\/index.php?rest_route=\/wp\/v2\/users\/2"}],"replies":[{"embeddable":true,"href":"https:\/\/sites.senat.ro\/index.php?rest_route=%2Fwp%2Fv2%2Fcomments&post=1437"}],"version-history":[{"count":0,"href":"https:\/\/sites.senat.ro\/index.php?rest_route=\/wp\/v2\/posts\/1437\/revisions"}],"wp:attachment":[{"href":"https:\/\/sites.senat.ro\/index.php?rest_route=%2Fwp%2Fv2%2Fmedia&parent=1437"}],"wp:term":[{"taxonomy":"category","embeddable":true,"href":"https:\/\/sites.senat.ro\/index.php?rest_route=%2Fwp%2Fv2%2Fcategories&post=1437"},{"taxonomy":"post_tag","embeddable":true,"href":"https:\/\/sites.senat.ro\/index.php?rest_route=%2Fwp%2Fv2%2Ftags&post=1437"}],"curies":[{"name":"wp","href":"https:\/\/api.w.org\/{rel}","templated":true}]}}