{"id":1435,"date":"2020-08-02T13:45:25","date_gmt":"2020-08-02T13:45:25","guid":{"rendered":"http:\/\/sites.senat.ro\/?p=1435"},"modified":"2020-12-28T13:25:48","modified_gmt":"2020-12-28T13:25:48","slug":"dezbaterile-on-line-ale-grupului-de-experti-cu-tema-integrarea-dimensiunii-de-gen-in-legislatie-in-contextul-implementarii-agendei-2030-si-a-documentelor-de-la-beijing-rolul-parlamentarilor-30","status":"publish","type":"post","link":"https:\/\/sites.senat.ro\/?p=1435","title":{"rendered":"Dezbaterile on line privind integrarea dimensiunii de gen \u00een legisla\u021bie (30 iulie 2020)"},"content":{"rendered":"\n<p>La invita\u021bia Secretarului general al UIP, dna senator Silvia-Monica Dinic\u0103, membr\u0103 a GRUI, membr\u0103 a Biroului Comisiei UIP pentru dezvoltare durabil\u0103, a participat la dezbaterile on line cu tema &#8222;Integrarea dimensiunii de gen \u00een legisla\u021bie, \u00een contextul implement\u0103rii Agendei 2030 \u0219i a documentelor de la Beijing: rolul parlamentarilor&#8221;.<\/p>\n\n\n\n<p>Participan\u021bii &#8211; un grup restr\u00e2ns de femei \u0219i b\u0103rba\u021bi parlamentari din \u021b\u0103ri de pe diferite continente, cu responsabilit\u0103\u021bi relevante pentru tema reuniunii, \u00een parlament \u0219i\/sau \u00een UIP &#8211; au f\u0103cut un schimb de opinii cu privire la cele mai eficiente ac\u021biuni parlamentare pentru consolidarea statutului femeilor \u0219i fetelor \u0219i promovarea egalit\u0103\u021bii de gen. Discu\u021biile au avut ca repere concluziile \u0219i recomand\u0103rile din cadrul procesului de evaluare Beijing+25 \u0219i proiectul <em>Ghidului pentru parlamentari privind integrarea dimensiunii de gen \u00een legisla\u021bie<\/em>, ini\u021biativ\u0103 comun\u0103 a UIP \u0219i UN Women.<\/p>\n\n\n\n<figure class=\"wp-block-image\"><img loading=\"lazy\" decoding=\"async\" width=\"854\" height=\"1024\" src=\"https:\/\/sites.senat.ro\/wp-content\/uploads\/sites\/2\/2020\/12\/Gender_Silvia-Dinica--854x1024.jpg\" alt=\"\" class=\"wp-image-1431\" srcset=\"https:\/\/sites.senat.ro\/wp-content\/uploads\/2020\/12\/Gender_Silvia-Dinica-.jpg 854w, https:\/\/sites.senat.ro\/wp-content\/uploads\/2020\/12\/Gender_Silvia-Dinica--250x300.jpg 250w, https:\/\/sites.senat.ro\/wp-content\/uploads\/2020\/12\/Gender_Silvia-Dinica--768x921.jpg 768w, https:\/\/sites.senat.ro\/wp-content\/uploads\/2020\/12\/Gender_Silvia-Dinica--732x878.jpg 732w\" sizes=\"auto, (max-width: 854px) 100vw, 854px\" \/><\/figure>\n\n\n\n<p>\u00cen interven\u021bia sa, dna senator a eviden\u021biat, printre altele: rolul\nparlamentelor \u00een realizarea ODD 5 \u0219i a tuturor celorlalte Obiective, cu at\u00e2t\nmai important din perspectiva noilor realit\u0103\u021bi generate de criza sanitar\u0103;\nobiectivele \u0219i priorit\u0103\u021bile strategiei na\u021bionale a Rom\u00e2niei (2018-2021) pentru\negalitatea de \u0219anse \u0219i combaterea violen\u021bei domestice; ini\u021biative concrete ale\nparlamentarilor rom\u00e2ni, av\u00e2nd ca scop actualizarea cadrului legislativ \u00een\nmaterie, \u00een acord cu instrumentele interna\u021bionale aplicabile \u0219i cu\nrecomand\u0103rile CEDAW \u0219i ale Consiliului Drepturilor Omului al ONU; situa\u021bia reprezent\u0103rii\nfemeilor \u00een Parlamentul Rom\u00e2niei; structurile parlamentare cu atribu\u021bii \u00een\ndomeniul egalit\u0103\u021bii de \u0219anse. <\/p>\n\n\n\n<p>Reprezentanta GRUI a recomandat adaptarea con\u021binutului ghidului pentru\nparlamentari la noile provoc\u0103ri determinate de pandemia de COVID-19 \u0219i a\nsubliniat c\u0103, pentru a fi c\u00e2t mai eficiente \u00een promovarea egalit\u0103\u021bii de \u0219anse,\nfemeile parlamentare trebuie s\u0103 colaboreze mai mult cu actorii societ\u0103\u021bii\ncivile \u0219i cu agen\u021biile \u0219i programele ONU prezente \u00een \u021b\u0103rile lor. La fel de\nimportant\u0103 este participarea activ\u0103 a femeilor \u00een organiza\u021biile \u0219i forurile\nparlamentare interna\u021bionale \u0219i regionale, pentru a avea acces la c\u00e2t mai multe informa\u021bii,\ninstrumente \u0219i experien\u021be na\u021bionale. \u00cen actualul context pandemic, noile\ntehnologii trebuie valorificate la maximum pentru realizarea unui dialog\nconstant \u00eentre femele parlamentare, pe temele prioritare ale agendei egalit\u0103\u021bii\nde \u0219anse, a ar\u0103tat dna senator. <\/p>\n","protected":false},"excerpt":{"rendered":"<p>La invita\u021bia Secretarului general al UIP, dna senator Silvia-Monica Dinic\u0103, membr\u0103 a GRUI, membr\u0103 a Biroului Comisiei UIP pentru dezvoltare durabil\u0103, a participat la dezbaterile on line cu tema &#8222;Integrarea dimensiunii de gen \u00een legisla\u021bie, \u00een contextul implement\u0103rii Agendei 2030 \u0219i a documentelor de la Beijing: rolul parlamentarilor&#8221;. Participan\u021bii &#8211; un grup restr\u00e2ns de femei [&hellip;]<\/p>\n","protected":false},"author":2,"featured_media":0,"comment_status":"closed","ping_status":"open","sticky":false,"template":"","format":"standard","meta":{"ngg_post_thumbnail":0,"footnotes":""},"categories":[3],"tags":[],"class_list":["post-1435","post","type-post","status-publish","format-standard","hentry","category-participare"],"_links":{"self":[{"href":"https:\/\/sites.senat.ro\/index.php?rest_route=\/wp\/v2\/posts\/1435","targetHints":{"allow":["GET"]}}],"collection":[{"href":"https:\/\/sites.senat.ro\/index.php?rest_route=\/wp\/v2\/posts"}],"about":[{"href":"https:\/\/sites.senat.ro\/index.php?rest_route=\/wp\/v2\/types\/post"}],"author":[{"embeddable":true,"href":"https:\/\/sites.senat.ro\/index.php?rest_route=\/wp\/v2\/users\/2"}],"replies":[{"embeddable":true,"href":"https:\/\/sites.senat.ro\/index.php?rest_route=%2Fwp%2Fv2%2Fcomments&post=1435"}],"version-history":[{"count":0,"href":"https:\/\/sites.senat.ro\/index.php?rest_route=\/wp\/v2\/posts\/1435\/revisions"}],"wp:attachment":[{"href":"https:\/\/sites.senat.ro\/index.php?rest_route=%2Fwp%2Fv2%2Fmedia&parent=1435"}],"wp:term":[{"taxonomy":"category","embeddable":true,"href":"https:\/\/sites.senat.ro\/index.php?rest_route=%2Fwp%2Fv2%2Fcategories&post=1435"},{"taxonomy":"post_tag","embeddable":true,"href":"https:\/\/sites.senat.ro\/index.php?rest_route=%2Fwp%2Fv2%2Ftags&post=1435"}],"curies":[{"name":"wp","href":"https:\/\/api.w.org\/{rel}","templated":true}]}}