{"id":1429,"date":"2020-07-12T13:40:11","date_gmt":"2020-07-12T13:40:11","guid":{"rendered":"http:\/\/sites.senat.ro\/?p=1429"},"modified":"2020-12-28T11:12:33","modified_gmt":"2020-12-28T11:12:33","slug":"reuniunea-on-line-cu-tema-perioada-post-pandemie-covid-19-impactul-asupra-femeilor-8-iulie-2020","status":"publish","type":"post","link":"https:\/\/sites.senat.ro\/?p=1429","title":{"rendered":"Reuniunea on line cu tema &#8222;Perioada post pandemie COVID-19 \u2013 impactul asupra femeilor&#8221; (8 iulie 2020)"},"content":{"rendered":"\n<p>La invita\u021bia\ndnei Wafaa Bani Mustafa, membr\u0103 a Camerei Reprezentan\u021bilor din Parlamentul\nIordaniei, vicepre\u0219edint\u0103 a Comisiei UIP pentru dezvoltare durabil\u0103, pre\u0219edinta\nCoali\u021biei femeilor parlamentare din \u021b\u0103rile arabe pentru combaterea violen\u021bei\n\u00eempotriva femeilor, dna senator Silvia-Monica Dinic\u0103, membr\u0103 a GRUI, membr\u0103 a\nBiroului Comisiei UIP pentru dezvoltare durabil\u0103, a participat la eveniment \u00een\ncalitate de panelist.<\/p>\n\n\n\n<p>Pornind de la constatarea c\u0103 impactul socio-economic al pandemiei de COVID-19 a agravat inegalitatea de gen, participan\u021bii au f\u0103cut un schimb de opinii despre modalit\u0103\u021bile de contracarare a efectelor crizei asupra femeilor \u0219i fetelor &#8211; cu prec\u0103dere prin m\u0103suri de protec\u021bie social\u0103, autonomizare economic\u0103, combaterea violen\u021bei domestice. Totodat\u0103, au subliniat importan\u021ba implic\u0103rii femeilor \u00een procesele decizionale privind gestionarea pandemiei.<\/p>\n\n\n\n<figure class=\"wp-block-image\"><img loading=\"lazy\" decoding=\"async\" width=\"1004\" height=\"978\" src=\"https:\/\/sites.senat.ro\/wp-content\/uploads\/sites\/2\/2020\/12\/Foto_Dinica1_Iordania.jpeg\" alt=\"\" class=\"wp-image-1432\" srcset=\"https:\/\/sites.senat.ro\/wp-content\/uploads\/2020\/12\/Foto_Dinica1_Iordania.jpeg 1004w, https:\/\/sites.senat.ro\/wp-content\/uploads\/2020\/12\/Foto_Dinica1_Iordania-300x292.jpeg 300w, https:\/\/sites.senat.ro\/wp-content\/uploads\/2020\/12\/Foto_Dinica1_Iordania-768x748.jpeg 768w, https:\/\/sites.senat.ro\/wp-content\/uploads\/2020\/12\/Foto_Dinica1_Iordania-732x713.jpeg 732w\" sizes=\"auto, (max-width: 1004px) 100vw, 1004px\" \/><\/figure>\n\n\n\n<p>\u00cen prezentarea sa cu tema <em>Violen\u021ba \u00eempotriva femeilor &#8211; prevenire \u0219i\nr\u0103spuns<\/em>, dna senator Dinic\u0103 a ar\u0103tat c\u0103: pe fondul crizei sanitare \u0219i\neconomice determinat\u0103 de pandemia de COVID-19, protec\u021bia \u0219i consolidarea\nstatutului femeii devin mai urgente ca oric\u00e2nd; \u00een Rom\u00e2nia, izolarea \u0219i\ndistan\u021barea social\u0103 impuse de st\u0103rile de urgen\u021b\u0103 \u0219i alert\u0103 au condus la\namplificarea violen\u021bei domestice av\u00e2nd ca principale victime femeile, dar \u0219i la\ncre\u0219terea vulnerabilit\u0103\u021bii femeilor \u00een fa\u021ba violen\u021bei cibernetice; pentru a\nr\u0103spunde acestor provoc\u0103ri, parlamentul a actualizat legea pentru prevenirea \u0219i\ncombaterea violen\u021bei \u00een familie, prin introducerea unor prevederi noi referitoare\nla violen\u021ba cibernetic\u0103 \u0219i prin consolidarea m\u0103surilor de protec\u021bie a\nvictimelor violen\u021bei domestice, \u00een concordan\u021b\u0103 cu recomand\u0103rile CEDAW \u0219i ale\nConsiliului ONU pentru drepturile Omului \u0219i cu prevederile instrumentelor\ninterna\u021bionale relevante, inclusiv Conven\u021bia de la Istanbul. Dna senator a\noferit, \u00een acela\u0219i timp, detalii despre proiectul na\u021bional <em>VENUS &#8211; \u00cempreun\u0103\npentru o via\u021b\u0103 \u00een siguran\u021b\u0103!<\/em> destinat victimelor violen\u021bei domestice, \u0219i\ndespre planul de m\u0103suri pentru prevenirea \u0219i combaterea discrimin\u0103rii \u0219i\nviolen\u021bei de gen \u00een contextul pandemiei de COVID-19, lansat de Agen\u021bia\nNa\u021bional\u0103 pentru Egalitate de \u0218anse \u00een luna aprilie 2020.&nbsp; <\/p>\n","protected":false},"excerpt":{"rendered":"<p>La invita\u021bia dnei Wafaa Bani Mustafa, membr\u0103 a Camerei Reprezentan\u021bilor din Parlamentul Iordaniei, vicepre\u0219edint\u0103 a Comisiei UIP pentru dezvoltare durabil\u0103, pre\u0219edinta Coali\u021biei femeilor parlamentare din \u021b\u0103rile arabe pentru combaterea violen\u021bei \u00eempotriva femeilor, dna senator Silvia-Monica Dinic\u0103, membr\u0103 a GRUI, membr\u0103 a Biroului Comisiei UIP pentru dezvoltare durabil\u0103, a participat la eveniment \u00een calitate de panelist. [&hellip;]<\/p>\n","protected":false},"author":2,"featured_media":0,"comment_status":"closed","ping_status":"open","sticky":false,"template":"","format":"standard","meta":{"ngg_post_thumbnail":0,"footnotes":""},"categories":[3],"tags":[],"class_list":["post-1429","post","type-post","status-publish","format-standard","hentry","category-participare"],"_links":{"self":[{"href":"https:\/\/sites.senat.ro\/index.php?rest_route=\/wp\/v2\/posts\/1429","targetHints":{"allow":["GET"]}}],"collection":[{"href":"https:\/\/sites.senat.ro\/index.php?rest_route=\/wp\/v2\/posts"}],"about":[{"href":"https:\/\/sites.senat.ro\/index.php?rest_route=\/wp\/v2\/types\/post"}],"author":[{"embeddable":true,"href":"https:\/\/sites.senat.ro\/index.php?rest_route=\/wp\/v2\/users\/2"}],"replies":[{"embeddable":true,"href":"https:\/\/sites.senat.ro\/index.php?rest_route=%2Fwp%2Fv2%2Fcomments&post=1429"}],"version-history":[{"count":0,"href":"https:\/\/sites.senat.ro\/index.php?rest_route=\/wp\/v2\/posts\/1429\/revisions"}],"wp:attachment":[{"href":"https:\/\/sites.senat.ro\/index.php?rest_route=%2Fwp%2Fv2%2Fmedia&parent=1429"}],"wp:term":[{"taxonomy":"category","embeddable":true,"href":"https:\/\/sites.senat.ro\/index.php?rest_route=%2Fwp%2Fv2%2Fcategories&post=1429"},{"taxonomy":"post_tag","embeddable":true,"href":"https:\/\/sites.senat.ro\/index.php?rest_route=%2Fwp%2Fv2%2Ftags&post=1429"}],"curies":[{"name":"wp","href":"https:\/\/api.w.org\/{rel}","templated":true}]}}