{"id":1426,"date":"2020-07-07T11:55:57","date_gmt":"2020-07-07T11:55:57","guid":{"rendered":"http:\/\/sites.senat.ro\/?p=1426"},"modified":"2020-12-28T13:26:42","modified_gmt":"2020-12-28T13:26:42","slug":"abordari-ecologice-ale-redresarii-post-covid-19","status":"publish","type":"post","link":"https:\/\/sites.senat.ro\/?p=1426","title":{"rendered":"Abord\u0103ri ecologice ale redres\u0103rii post COVID-19"},"content":{"rendered":"\n<div class=\"wp-block-image\"><figure class=\"alignleft is-resized\"><img loading=\"lazy\" decoding=\"async\" src=\"https:\/\/sites.senat.ro\/wp-content\/uploads\/sites\/2\/2020\/12\/policy_note_cover_en.png\" alt=\"\" class=\"wp-image-1401\" width=\"357\" height=\"507\" srcset=\"https:\/\/sites.senat.ro\/wp-content\/uploads\/2020\/12\/policy_note_cover_en.png 458w, https:\/\/sites.senat.ro\/wp-content\/uploads\/2020\/12\/policy_note_cover_en-211x300.png 211w\" sizes=\"auto, (max-width: 357px) 100vw, 357px\" \/><\/figure><\/div>\n\n\n\n<p><em>Consecin\u021bele pandemiei de COVID-19 \u0219i eforturile de limitare\na acesteia au condus la una dintre cele mai grave recesiuni din istoria\nrecent\u0103, caracterizat\u0103, printre altele, de un declin economic \u00een cre\u0219tere, de\nreducerea schimburilor comerciale, diminuarea veniturilor popula\u021biei \u0219i\ndisponibiliz\u0103ri masive<\/em>. <em>\u00cen acest context, se impune de\nurgen\u021b\u0103 elaborarea unor strategii de redresare post-COVID-19 incluzive din\npunct de vedere social \u0219i care s\u0103 respecte ac\u021biunile climatice \u0219i de protec\u021bie\na mediului.<\/em><\/p>\n\n\n\n<p>Realizat\u0103 de UIP\n\u00een colaborare cu Programul Na\u021biunilor Unite pentru Mediu,&nbsp; publica\u021bia recomand\u0103 o serie de m\u0103suri pentru\no redresare economic\u0103 eficient\u0103 \u0219i sustenabil\u0103, care reflect\u0103 toate aspectele dezvolt\u0103rii\ndurabile, inclusiv dimensiunea de mediu.<\/p>\n\n\n\n<p>Sunt prezentate c\u00e2teva principii majore pe care parlamentarii le-ar putea adopta pentru promovarea unei redres\u0103ri durabile \u0219i ecologice, av\u00e2nd ca scop: construirea unor economii mai reziliente; \u00eendeplinirea angajamentelor interna\u021bionale asumate prin Acordul de la Paris \u0219i Agenda 2030 pentru dezvoltare durabil\u0103; crearea cadrului favorabil \u00eencheierii unui acord global solid privind biodiversitatea, pentru perioada post 2020.<\/p>\n\n\n\n<p>Publica\u021bia\neviden\u021biaz\u0103 o serie de considera\u021bii importante \u00een materie de legiferare pentru redresarea\npost COVID-19, precum&nbsp;\u0219i link-uri c\u0103tre diferite surse documentare. <\/p>\n\n\n\n<p>Parlamentarii\nsunt \u00eencuraja\u021bi s\u0103 examineze exemplele puse la dispozi\u021bie de Programul\nNa\u021biunilor Unite pentru Mediu \u0219i de Uniunea Interparlamentar\u0103 \u0219i s\u0103\n\u00eemp\u0103rt\u0103\u0219easc\u0103 exemple din propriile parlamente na\u021bionale, pornind de la premiza\nc\u0103, de\u0219i fiecare \u021bar\u0103 se confrunt\u0103 cu problematici specifice, solu\u021biile\nlegislative inovatoare pot fi o surs\u0103 de inspira\u021bie \u0219i pot contribui la promovarea\nunei redres\u0103ri economice durabile la scar\u0103 global\u0103. <\/p>\n\n\n\n<p>Con\u021binutul integral poate fi consultat <a href=\"https:\/\/www.ipu.org\/resources\/publications\/other\/2020-12\/green-approaches-covid-19-recovery-policy-note-parliamentarians\">aici<\/a>.&nbsp;&nbsp; <\/p>\n","protected":false},"excerpt":{"rendered":"<p>Consecin\u021bele pandemiei de COVID-19 \u0219i eforturile de limitare a acesteia au condus la una dintre cele mai grave recesiuni din istoria recent\u0103, caracterizat\u0103, printre altele, de un declin economic \u00een cre\u0219tere, de reducerea schimburilor comerciale, diminuarea veniturilor popula\u021biei \u0219i disponibiliz\u0103ri masive. \u00cen acest context, se impune de urgen\u021b\u0103 elaborarea unor strategii de redresare post-COVID-19 incluzive [&hellip;]<\/p>\n","protected":false},"author":2,"featured_media":0,"comment_status":"closed","ping_status":"open","sticky":false,"template":"","format":"standard","meta":{"ngg_post_thumbnail":0,"footnotes":""},"categories":[6,2],"tags":[],"class_list":["post-1426","post","type-post","status-publish","format-standard","hentry","category-publicatii","category-repere"],"_links":{"self":[{"href":"https:\/\/sites.senat.ro\/index.php?rest_route=\/wp\/v2\/posts\/1426","targetHints":{"allow":["GET"]}}],"collection":[{"href":"https:\/\/sites.senat.ro\/index.php?rest_route=\/wp\/v2\/posts"}],"about":[{"href":"https:\/\/sites.senat.ro\/index.php?rest_route=\/wp\/v2\/types\/post"}],"author":[{"embeddable":true,"href":"https:\/\/sites.senat.ro\/index.php?rest_route=\/wp\/v2\/users\/2"}],"replies":[{"embeddable":true,"href":"https:\/\/sites.senat.ro\/index.php?rest_route=%2Fwp%2Fv2%2Fcomments&post=1426"}],"version-history":[{"count":0,"href":"https:\/\/sites.senat.ro\/index.php?rest_route=\/wp\/v2\/posts\/1426\/revisions"}],"wp:attachment":[{"href":"https:\/\/sites.senat.ro\/index.php?rest_route=%2Fwp%2Fv2%2Fmedia&parent=1426"}],"wp:term":[{"taxonomy":"category","embeddable":true,"href":"https:\/\/sites.senat.ro\/index.php?rest_route=%2Fwp%2Fv2%2Fcategories&post=1426"},{"taxonomy":"post_tag","embeddable":true,"href":"https:\/\/sites.senat.ro\/index.php?rest_route=%2Fwp%2Fv2%2Ftags&post=1426"}],"curies":[{"name":"wp","href":"https:\/\/api.w.org\/{rel}","templated":true}]}}