{"id":1402,"date":"2020-12-14T12:57:20","date_gmt":"2020-12-14T12:57:20","guid":{"rendered":"http:\/\/sites.senat.ro\/?p=1402"},"modified":"2020-12-28T11:15:02","modified_gmt":"2020-12-28T11:15:02","slug":"seminarul-online-de-informare-pentru-parlamentul-albaniei-privind-obiectivele-dezvoltarii-durabile-11-decembrie-2020","status":"publish","type":"post","link":"https:\/\/sites.senat.ro\/?p=1402","title":{"rendered":"Seminarul online de informare  pentru Parlamentul Albaniei privind Obiectivele Dezvolt\u0103rii Durabile (11 decembrie 2020)"},"content":{"rendered":"\n<p>Reuniunea, organizat\u0103 de\nUIP \u0219i ONU, a avut ca obiectiv realizarea unui schimb de informa\u021bii cu\nreprezentan\u021bi ai comisiilor de specialitate din forul legislativ albanez, cu\nprivire la rolul parlamentelor \u00een implementarea Agendei 2030 pentru Dezvoltare\nDurabil\u0103 \u0219i mecanismele prin care Obiectivele Dezvolt\u0103rii Durabile (ODD) pot fi\nintegrate \u00een activitatea parlamentar\u0103.&nbsp;&nbsp;<\/p>\n\n\n\n<p>Lucr\u0103rile au fost moderate de dna Senida Masi, pre\u0219edinta Subcomisiei pentru dezvoltare durabil\u0103 din Parlamentul Albaniei. \u00cen deschidere au luat cuv\u00e2ntul: dl Gramoz Ru\u00e7i, pre\u0219edintele Parlamentului Albaniei; dl Martin Chungong, secretarul general al UIP; dna Fiona McCluney, Coordonator rezident al ONU \u00een Albania; dna Vasilika Vjero, ministrul adjunct al Finan\u021belor \u0219i Economiei din Albania. <\/p>\n\n\n\n<figure class=\"wp-block-image\"><img loading=\"lazy\" decoding=\"async\" width=\"1024\" height=\"734\" src=\"https:\/\/sites.senat.ro\/wp-content\/uploads\/sites\/2\/2020\/12\/Foto_Dinica2_11dec-1-1024x734.jpg\" alt=\"\" class=\"wp-image-1406\" srcset=\"https:\/\/sites.senat.ro\/wp-content\/uploads\/2020\/12\/Foto_Dinica2_11dec-1-1024x734.jpg 1024w, https:\/\/sites.senat.ro\/wp-content\/uploads\/2020\/12\/Foto_Dinica2_11dec-1-300x215.jpg 300w, https:\/\/sites.senat.ro\/wp-content\/uploads\/2020\/12\/Foto_Dinica2_11dec-1-768x550.jpg 768w, https:\/\/sites.senat.ro\/wp-content\/uploads\/2020\/12\/Foto_Dinica2_11dec-1-732x525.jpg 732w, https:\/\/sites.senat.ro\/wp-content\/uploads\/2020\/12\/Foto_Dinica2_11dec-1-1140x817.jpg 1140w, https:\/\/sites.senat.ro\/wp-content\/uploads\/2020\/12\/Foto_Dinica2_11dec-1.jpg 1490w\" sizes=\"auto, (max-width: 1024px) 100vw, 1024px\" \/><\/figure>\n\n\n\n<p>Invitat\u0103 \u00een\ncalitate de panelist, dna senator Silvia-Monica Dinic\u0103, membr\u0103 a GRUI \u0219i\na Biroului Comisiei UIP pentru dezvoltare durabil\u0103, a sus\u021binut o prezentare pe tema finan\u021b\u0103rii ODD. Cu acest prilej, a subliniat c\u0103 Agenda 2030 ofer\u0103 cel mai bun cadru de\nac\u021biune pentru combaterea multiplelor efecte ale actualei crize pandemice \u0219i\npentru o redresare durabil\u0103.&nbsp;<\/p>\n\n\n\n<p>Dna senator s-a referit la: angajamentul unanim al Parlamentului Rom\u00e2niei \u00een sprijinul ODD, asumat prin declara\u021bia politic\u0103 adoptat\u0103 \u00een 2016; adaptarea structurii comisiilor permanente \u0219i a subcomisiilor celor dou\u0103 Camere \u00een scopul abord\u0103rii c\u00e2t mai eficiente a ODD; contribu\u021bia parlamentului la crearea mecanismelor institu\u021bionale \u0219i la actualizarea strategiei na\u021bionale \u00een domeniu; m\u0103surile adoptate de Rom\u00e2nia pentru modernizarea sistemelor bugetare \u00een concordan\u021b\u0103 cu standardele interna\u021bionale, precum \u0219i priorit\u0103\u021bile actuale care vizeaz\u0103 promovarea sistemelor de bugetare bazate pe programe \u0219i pe rezultate, corelarea planific\u0103rii strategice cu procesele bugetare \u0219i integrarea dimensiunii de gen \u00een buget, cre\u00e2nd astfel premise pentru consolidarea cadrului strategic de bugetare a ODD. <\/p>\n\n\n\n<div class=\"wp-block-image\"><figure class=\"alignleft is-resized\"><img loading=\"lazy\" decoding=\"async\" src=\"https:\/\/sites.senat.ro\/wp-content\/uploads\/sites\/2\/2020\/12\/Foto_Dinica1_11dec-1-1024x713.jpg\" alt=\"\" class=\"wp-image-1405\" width=\"271\" height=\"188\" srcset=\"https:\/\/sites.senat.ro\/wp-content\/uploads\/2020\/12\/Foto_Dinica1_11dec-1-1024x713.jpg 1024w, https:\/\/sites.senat.ro\/wp-content\/uploads\/2020\/12\/Foto_Dinica1_11dec-1-300x209.jpg 300w, https:\/\/sites.senat.ro\/wp-content\/uploads\/2020\/12\/Foto_Dinica1_11dec-1-768x535.jpg 768w, https:\/\/sites.senat.ro\/wp-content\/uploads\/2020\/12\/Foto_Dinica1_11dec-1-732x510.jpg 732w, https:\/\/sites.senat.ro\/wp-content\/uploads\/2020\/12\/Foto_Dinica1_11dec-1-1140x794.jpg 1140w\" sizes=\"auto, (max-width: 271px) 100vw, 271px\" \/><\/figure><\/div>\n\n\n\n<p>Senatorul rom\u00e2n a oferit c\u00e2teva exemple concrete din activitatea\nlegislativ\u0103 recent\u0103 a comisiilor Senatului \u0219i a subliniat c\u0103 Asisten\u021ba Oficial\u0103\npentru Dezvoltare acordat\u0103 de Rom\u00e2nia, la care contribuie \u0219i institu\u021bia\nparlamentului, sus\u021bine dezvoltarea durabil\u0103 \u00een diferite \u021b\u0103ri ale lumii \u00een\ndomenii precum educa\u021bia, s\u0103n\u0103tatea, siguran\u021ba alimentar\u0103, energia,\ninfrastructura, inovarea, biodiversitatea, schimb\u0103rile climatice \u0219i guvernan\u021ba\ndemocratic\u0103. <\/p>\n\n\n\n<p>Programul\nseminarului a mai inclus: o interven\u021bie pe tema legifer\u0103rii din perspectiva\nODD, sus\u021binut\u0103 de dna Petra Bayr, membr\u0103 a Consiliului Na\u021bional din Austria,\npre\u0219edinta Grupului consultativ pentru s\u0103n\u0103tate al UIP, \u0219i prezentarea ghidului\nparlamentar UIP-PNUD intitulat <em>Parlamentele\n\u0219i ODD: un instrumentar de autoevaluare<\/em>.<\/p>\n","protected":false},"excerpt":{"rendered":"<p>Reuniunea, organizat\u0103 de UIP \u0219i ONU, a avut ca obiectiv realizarea unui schimb de informa\u021bii cu reprezentan\u021bi ai comisiilor de specialitate din forul legislativ albanez, cu privire la rolul parlamentelor \u00een implementarea Agendei 2030 pentru Dezvoltare Durabil\u0103 \u0219i mecanismele prin care Obiectivele Dezvolt\u0103rii Durabile (ODD) pot fi integrate \u00een activitatea parlamentar\u0103.&nbsp;&nbsp; Lucr\u0103rile au fost moderate [&hellip;]<\/p>\n","protected":false},"author":2,"featured_media":0,"comment_status":"closed","ping_status":"open","sticky":false,"template":"","format":"standard","meta":{"ngg_post_thumbnail":0,"footnotes":""},"categories":[3],"tags":[],"class_list":["post-1402","post","type-post","status-publish","format-standard","hentry","category-participare"],"_links":{"self":[{"href":"https:\/\/sites.senat.ro\/index.php?rest_route=\/wp\/v2\/posts\/1402","targetHints":{"allow":["GET"]}}],"collection":[{"href":"https:\/\/sites.senat.ro\/index.php?rest_route=\/wp\/v2\/posts"}],"about":[{"href":"https:\/\/sites.senat.ro\/index.php?rest_route=\/wp\/v2\/types\/post"}],"author":[{"embeddable":true,"href":"https:\/\/sites.senat.ro\/index.php?rest_route=\/wp\/v2\/users\/2"}],"replies":[{"embeddable":true,"href":"https:\/\/sites.senat.ro\/index.php?rest_route=%2Fwp%2Fv2%2Fcomments&post=1402"}],"version-history":[{"count":0,"href":"https:\/\/sites.senat.ro\/index.php?rest_route=\/wp\/v2\/posts\/1402\/revisions"}],"wp:attachment":[{"href":"https:\/\/sites.senat.ro\/index.php?rest_route=%2Fwp%2Fv2%2Fmedia&parent=1402"}],"wp:term":[{"taxonomy":"category","embeddable":true,"href":"https:\/\/sites.senat.ro\/index.php?rest_route=%2Fwp%2Fv2%2Fcategories&post=1402"},{"taxonomy":"post_tag","embeddable":true,"href":"https:\/\/sites.senat.ro\/index.php?rest_route=%2Fwp%2Fv2%2Ftags&post=1402"}],"curies":[{"name":"wp","href":"https:\/\/api.w.org\/{rel}","templated":true}]}}