{"id":1395,"date":"2020-10-08T13:33:33","date_gmt":"2020-10-08T13:33:33","guid":{"rendered":"http:\/\/sites.senat.ro\/?p=1395"},"modified":"2020-12-28T11:19:19","modified_gmt":"2020-12-28T11:19:19","slug":"iulie-decembrie-2020","status":"publish","type":"post","link":"https:\/\/sites.senat.ro\/?p=1395","title":{"rendered":"Iulie &#8211; decembrie 2020"},"content":{"rendered":"\n<div class=\"wp-block-image\"><figure class=\"alignleft\"><img loading=\"lazy\" decoding=\"async\" width=\"140\" height=\"91\" src=\"https:\/\/sites.senat.ro\/wp-content\/uploads\/sites\/2\/2020\/12\/turkmenistan-2.gif\" alt=\"\" class=\"wp-image-1390\" \/><\/figure><\/div>\n\n\n\n<p>9 iulie 2020 &#8211; <em>\u00eent\u00e2lnirea\nonline a membrilor Grupurilor parlamentare de prietenie omoloage din\nParlamentul Rom\u00e2niei \u0219i Parlamentul Republicii Turkmenistan<\/em>, cu\nparticiparea dnei deputat Bir\u00f3 Roz\u00e1lia-Ibolya, pre\u0219edintele Comisiei pentru\npolitic\u0103 extern\u0103 a Camerei Deputa\u021bilor.<\/p>\n\n\n\n<p>Din partea Grupului parlamentar de prietenie cu Republica\nTurkmenistan au participat dnii deputa\u021bi Antal Istv\u00e1n-J\u00e1nos, pre\u0219edintele Grupului,\nCostel Lupa\u0219cu, secretar, \u0219i Vlad-Emanuel Duru\u0219, membru. Partea turkmen\u0103 a fost\nreprezentat\u0103 de dl Yusupguly Eshayev, pre\u0219edintele Grupului de prietenie\nomolog, pre\u0219edinte al Comisiei pentru protec\u021bia drepturilor omului \u0219i a\nlibert\u0103\u021bilor din forul legislativ turkmen. La convorbiri a participat \u0219i E.S. dl\nAnnamammet Annayev, ambasadorul Turkmenistanului la Bucure\u0219ti.<\/p>\n\n\n\n<p>Interlocutorii au trecut \u00een revist\u0103 priorit\u0103\u021bile \u0219i cele mai importante activit\u0103\u021bi ale legislativelor din Rom\u00e2nia \u0219i Turkmenistan \u0219i \u0219i-au manifestat dorin\u021ba comun\u0103 de a dezvolta cooperarea bilateral\u0103 \u00een plan parlamentar \u0219i \u00een toate domeniile de interes reciproc.<\/p>\n\n\n\n<p><\/p>\n\n\n\n<p><\/p>\n\n\n\n<div class=\"wp-block-image\"><figure class=\"alignleft is-resized\"><img loading=\"lazy\" decoding=\"async\" src=\"https:\/\/sites.senat.ro\/wp-content\/uploads\/sites\/2\/2020\/12\/kazahtan.gif\" alt=\"\" class=\"wp-image-1387\" width=\"177\" height=\"89\" \/><\/figure><\/div>\n\n\n\n<p>7 octombrie 2020 &#8211; <em>\u00eent\u00e2lnirea dlui deputat Florin Iordache, pre\u0219edintele Grupului de prietenie Rom\u00e2nia-Kazahstan, vicepre\u0219edinte al Camerei Deputa\u021bilor, cu dl deputat Bahytzan Ertayev, pre\u0219edintele Grupului de prietenie omolog din Majilis-ul<\/em> (camera inferioar\u0103 a parlamentului) <em>Republicii Kazahstan<\/em><\/p>\n\n\n\n<p>La \u00eent\u00e2lnire, care a avut loc \u00een sistem de\nvideoconferin\u021b\u0103, au mai participat dl deputat Vasile C\u00eetea, membru al Grupului\nde prietenie rom\u00e2no-kazah, \u0219i dnii deputa\u021bi Iulian Iancu, secretar al Camerei\nDeputa\u021bilor \u0219i Angel T\u00eelv\u0103r, pre\u0219edintele Comisiei pentru afaceri europene, iar\ndin delega\u021bia kazah\u0103 au f\u0103cut parte dnii deputa\u021bi Kim Roman, membru al Grupului\nde prietenie omolog, \u0219i Gleb Schegelskiy, pre\u0219edintele Comisiei pentru ecologie\n\u0219i mediu din Majilis.<\/p>\n\n\n\n<p>Mesajele transmise de cele dou\u0103 delega\u021bii s-au referit,\n\u00een principal, la efectele crizei generate de pandemia de COVID-19 \u0219i la implicarea\nparlamentelor \u00een sus\u021binerea m\u0103surilor de gestionare a crizei. Au fost\neviden\u021biate nivelul foarte bun al dialogului politic bilateral \u0219i dorin\u021ba comun\u0103\nde aprofundare a dialogului parlamentar, de diversificare a schimburilor\ncomerciale \u0219i de dezvoltare a cooper\u0103rii economice, \u00eendeosebi \u00een domeniul\nenergetic. Un alt subiect abordat a fost cel al situa\u021biei comunit\u0103\u021bii de rom\u00e2ni\ndin Kazahstan.<\/p>\n","protected":false},"excerpt":{"rendered":"<p>9 iulie 2020 &#8211; \u00eent\u00e2lnirea online a membrilor Grupurilor parlamentare de prietenie omoloage din Parlamentul Rom\u00e2niei \u0219i Parlamentul Republicii Turkmenistan, cu participarea dnei deputat Bir\u00f3 Roz\u00e1lia-Ibolya, pre\u0219edintele Comisiei pentru politic\u0103 extern\u0103 a Camerei Deputa\u021bilor. Din partea Grupului parlamentar de prietenie cu Republica Turkmenistan au participat dnii deputa\u021bi Antal Istv\u00e1n-J\u00e1nos, pre\u0219edintele Grupului, Costel Lupa\u0219cu, secretar, \u0219i [&hellip;]<\/p>\n","protected":false},"author":2,"featured_media":0,"comment_status":"closed","ping_status":"open","sticky":false,"template":"","format":"standard","meta":{"ngg_post_thumbnail":0,"footnotes":""},"categories":[8,1],"tags":[],"class_list":["post-1395","post","type-post","status-publish","format-standard","hentry","category-intrevederi","category-prietenie"],"_links":{"self":[{"href":"https:\/\/sites.senat.ro\/index.php?rest_route=\/wp\/v2\/posts\/1395","targetHints":{"allow":["GET"]}}],"collection":[{"href":"https:\/\/sites.senat.ro\/index.php?rest_route=\/wp\/v2\/posts"}],"about":[{"href":"https:\/\/sites.senat.ro\/index.php?rest_route=\/wp\/v2\/types\/post"}],"author":[{"embeddable":true,"href":"https:\/\/sites.senat.ro\/index.php?rest_route=\/wp\/v2\/users\/2"}],"replies":[{"embeddable":true,"href":"https:\/\/sites.senat.ro\/index.php?rest_route=%2Fwp%2Fv2%2Fcomments&post=1395"}],"version-history":[{"count":0,"href":"https:\/\/sites.senat.ro\/index.php?rest_route=\/wp\/v2\/posts\/1395\/revisions"}],"wp:attachment":[{"href":"https:\/\/sites.senat.ro\/index.php?rest_route=%2Fwp%2Fv2%2Fmedia&parent=1395"}],"wp:term":[{"taxonomy":"category","embeddable":true,"href":"https:\/\/sites.senat.ro\/index.php?rest_route=%2Fwp%2Fv2%2Fcategories&post=1395"},{"taxonomy":"post_tag","embeddable":true,"href":"https:\/\/sites.senat.ro\/index.php?rest_route=%2Fwp%2Fv2%2Ftags&post=1395"}],"curies":[{"name":"wp","href":"https:\/\/api.w.org\/{rel}","templated":true}]}}