{"id":1382,"date":"2020-11-03T13:08:24","date_gmt":"2020-11-03T13:08:24","guid":{"rendered":"http:\/\/sites.senat.ro\/?p=1382"},"modified":"2020-12-28T11:20:18","modified_gmt":"2020-12-28T11:20:18","slug":"alegerea-noului-presedinte-al-uip","status":"publish","type":"post","link":"https:\/\/sites.senat.ro\/?p=1382","title":{"rendered":"Alegerea noului pre\u0219edinte al UIP"},"content":{"rendered":"\n<div class=\"wp-block-image\"><figure class=\"alignleft is-resized\"><img loading=\"lazy\" decoding=\"async\" src=\"https:\/\/sites.senat.ro\/wp-content\/uploads\/sites\/2\/2020\/12\/image.png\" alt=\"\" class=\"wp-image-1383\" width=\"358\" height=\"239\" srcset=\"https:\/\/sites.senat.ro\/wp-content\/uploads\/2020\/12\/image.png 356w, https:\/\/sites.senat.ro\/wp-content\/uploads\/2020\/12\/image-300x201.png 300w\" sizes=\"auto, (max-width: 358px) 100vw, 358px\" \/><\/figure><\/div>\n\n\n\n<p>Cu ocazia sesiunii extraordinare on line a Consiliului Director al Uniunii Interparlamentare (1-3 noiembrie 2020), reprezentan\u021bii parlamentelor membre ale UIP au ales un nou pre\u0219edinte al organiza\u021biei, \u00een persoana dlui Duarte Pacheco (Portugalia).<\/p>\n\n\n\n<p><em>Alegerea pre\u0219edintelui UIP \u00een cadrul unui scrutin virtual, care s-a derulat pe parcursul a 24 de ore, constituie o premier\u0103 istoric\u0103 \u00een sfera diploma\u021biei parlamentare multilaterale \u0219i un exemplu unic de democra\u021bie digital\u0103.<\/em><\/p>\n\n\n\n<p>Cel de-al 30-lea <a href=\"https:\/\/www.ipu.org\/about-ipu\/structure-and-governance\/president\">pre\u0219edinte<\/a> al UIP este membru al Parlamentului portughez din anul 1991, activ\u00e2nd, printre altele, \u00een comisiile de buget \u0219i finan\u021be \u0219i, respectiv, pentru afaceri externe \u0219i comunit\u0103\u021bi portugheze.&nbsp;<\/p>\n\n\n\n<p>Dl Pacheco a avut o activitate ne\u00eentrerupt\u0103 \u00een cadrul UIP \u00eencep\u00e2nd cu anul\n2002, mai \u00eent\u00e2i \u00een calitate de membru \u0219i, \u00eencep\u00e2nd cu 2016, de pre\u0219edinte al\ndelega\u021biei na\u021bionale portugheze. \u00cen perioada 2017-2020 a fost pre\u0219edintele\nGrupului geopolitic 12 Plus, pentru dou\u0103 mandate consecutive. A de\u021binut func\u021bia\nde vicepre\u0219edinte al Comisiei permanente a UIP pentru pace \u0219i securitate\ninterna\u021bional\u0103 (2014-2016) \u0219i pe cea de auditor intern al UIP, \u00een anii 2007,\n2011, 2013 \u0219i 2015.<\/p>\n\n\n\n<p>Este licen\u021biat \u00een studii economice la&nbsp;Universidade Cat\u00f3lica Portuguesa din Lisabona.<\/p>\n\n\n\n<p>\u00cen prima sa declara\u021bie \u00een calitate de pre\u0219edinte al UIP, dl Pacheco \u0219i-a\nexprimat convingerea c\u0103 &#8222;UIP este forumul ideal pentru realizarea\nobiectivelor \u00eemp\u0103rt\u0103\u0219ite de \u00eentreaga omenire: o lume care ac\u021bioneaz\u0103 pentru mai\nmult\u0103 egalitate, pentru coeziune social\u0103, pace \u0219i o calitate mai bun\u0103 a\nmediului \u0219i care poate aborda, \u00eentr-un spirit de unitate, marile provoc\u0103ri cu\ncare ne confrunt\u0103m \u00een prezent\u201d.<\/p>\n","protected":false},"excerpt":{"rendered":"<p>Cu ocazia sesiunii extraordinare on line a Consiliului Director al Uniunii Interparlamentare (1-3 noiembrie 2020), reprezentan\u021bii parlamentelor membre ale UIP au ales un nou pre\u0219edinte al organiza\u021biei, \u00een persoana dlui Duarte Pacheco (Portugalia). Alegerea pre\u0219edintelui UIP \u00een cadrul unui scrutin virtual, care s-a derulat pe parcursul a 24 de ore, constituie o premier\u0103 istoric\u0103 \u00een [&hellip;]<\/p>\n","protected":false},"author":2,"featured_media":0,"comment_status":"closed","ping_status":"open","sticky":false,"template":"","format":"standard","meta":{"ngg_post_thumbnail":0,"footnotes":""},"categories":[5,2],"tags":[],"class_list":["post-1382","post","type-post","status-publish","format-standard","hentry","category-evenimente","category-repere"],"_links":{"self":[{"href":"https:\/\/sites.senat.ro\/index.php?rest_route=\/wp\/v2\/posts\/1382","targetHints":{"allow":["GET"]}}],"collection":[{"href":"https:\/\/sites.senat.ro\/index.php?rest_route=\/wp\/v2\/posts"}],"about":[{"href":"https:\/\/sites.senat.ro\/index.php?rest_route=\/wp\/v2\/types\/post"}],"author":[{"embeddable":true,"href":"https:\/\/sites.senat.ro\/index.php?rest_route=\/wp\/v2\/users\/2"}],"replies":[{"embeddable":true,"href":"https:\/\/sites.senat.ro\/index.php?rest_route=%2Fwp%2Fv2%2Fcomments&post=1382"}],"version-history":[{"count":0,"href":"https:\/\/sites.senat.ro\/index.php?rest_route=\/wp\/v2\/posts\/1382\/revisions"}],"wp:attachment":[{"href":"https:\/\/sites.senat.ro\/index.php?rest_route=%2Fwp%2Fv2%2Fmedia&parent=1382"}],"wp:term":[{"taxonomy":"category","embeddable":true,"href":"https:\/\/sites.senat.ro\/index.php?rest_route=%2Fwp%2Fv2%2Fcategories&post=1382"},{"taxonomy":"post_tag","embeddable":true,"href":"https:\/\/sites.senat.ro\/index.php?rest_route=%2Fwp%2Fv2%2Ftags&post=1382"}],"curies":[{"name":"wp","href":"https:\/\/api.w.org\/{rel}","templated":true}]}}