{"id":1314,"date":"2020-06-30T12:02:25","date_gmt":"2020-06-30T12:02:25","guid":{"rendered":"http:\/\/sites.senat.ro\/?p=1314"},"modified":"2020-07-16T11:49:35","modified_gmt":"2020-07-16T11:49:35","slug":"celebrarea-a-130-de-ani-de-la-crearea-uip-volum-aniversar","status":"publish","type":"post","link":"https:\/\/sites.senat.ro\/?p=1314","title":{"rendered":"Celebrarea a 130 de ani de la crearea UIP &#8211; volum aniversar"},"content":{"rendered":"\n<div class=\"wp-block-image\"><figure class=\"alignleft is-resized\"><img loading=\"lazy\" decoding=\"async\" src=\"https:\/\/sites.senat.ro\/wp-content\/uploads\/sites\/2\/2020\/07\/ipu_anniversary_book_cover.jpg\" alt=\"\" class=\"wp-image-1306\" width=\"265\" height=\"297\" srcset=\"https:\/\/sites.senat.ro\/wp-content\/uploads\/2020\/07\/ipu_anniversary_book_cover.jpg 578w, https:\/\/sites.senat.ro\/wp-content\/uploads\/2020\/07\/ipu_anniversary_book_cover-267x300.jpg 267w\" sizes=\"auto, (max-width: 265px) 100vw, 265px\" \/><\/figure><\/div>\n\n\n\n<p>Cu ocazia celei de-a treia edi\u021bii a Zilei Interna\u021bionale a Parlamentarismului (30 iunie), UIP a \u00eencheiat seria manifest\u0103rilor consacrate celebr\u0103rii a 130 de ani de existen\u021b\u0103 prin publicarea unui <a href=\"https:\/\/www.ipu.org\/resources\/publications\/about-ipu\/2020-06\/celebrating-130-years-ipu-anniversary-book\">volum aniversar<\/a>. Acesta prezint\u0103 realiz\u0103rile organiza\u021biei de la \u00eenfiin\u021barea sa, acum 13 decenii, \u0219i include contribu\u021bii din partea parlamentelor membre.<\/p>\n\n\n\n<p><em>Fondat\u0103\nla Paris, la 30 iunie 1889, UIP a fost prima organiza\u021bie politic\u0103 multilateral\u0103\ndin lume, av\u00e2nd ca obiectiv \u00eencurajarea cooper\u0103rii parlamentare \u0219i a dialogului\ndintre na\u021biuni. De la prima sa reuniune la care a participat un grup restr\u00e2ns de\nparlamentari din numai nou\u0103 \u021b\u0103ri, UIP s-a transformat \u00eentr-o organiza\u021bie\nglobal\u0103 a parlamentelor, la care sunt afiliate \u00een prezent 179 de parlamente\nna\u021bionale \u0219i 13 adun\u0103ri parlamentare interna\u021bionale, cu statut de membru\nasociat.<\/em><\/p>\n\n\n\n<p>Publica\u021bia descrie etapele parcurse de UIP \u00een promovarea\np\u0103cii, democra\u021biei, drepturilor omului, egalit\u0103\u021bii de gen \u0219i diploma\u021biei\nparlamentare, \u00een cei 130 de ani de existen\u021b\u0103. Sunt prezentate priorit\u0103\u021bile\nactuale ale UIP, cu prec\u0103dere promovarea tinerilor parlamentari \u0219i cre\u0219terea nivelului\nde mobilizare a parlamentelor \u00een sprijinul Agendei 2030 pentru dezvoltare\ndurabil\u0103. Totodat\u0103, este eviden\u021biat\u0103 contribu\u021bia parlamentelor membre \u00een\nsprijinul UIP \u0219i al parlamentarismului, precum \u0219i viziunea acestora privind rolul\n\u0219i evolu\u021bia viitoare ale organiza\u021biei.<\/p>\n\n\n\n<p>Volumul cuprinde \u0219i mesajele: pre\u0219edintelui UIP, Gabriela Cuevas-Barron; pre\u0219edintei Forumului Femeilor Parlamentare, Susan Kihika; pre\u0219edintelui Forumului Tinerilor Parlamentari, Melvin Bouva; seretarului general al UIP, Martin Chungong.<\/p>\n\n\n\n<p>Rom\u00e2nia se num\u0103r\u0103 printre cele 96 de parlamente membre care au participat la realizarea acestei publica\u021bii. <\/p>\n\n\n\n<p>\u00cen mesajul s\u0103u, GRUI evoc\u0103 contribu\u021bia Rom\u00e2niei, pe\nparcursul celor 128 de ani de apartenen\u021b\u0103 la UIP, la evolu\u021bia acestei\norganiza\u021bii \u0219i la cristalizarea profilului s\u0103u actual pe scena interna\u021bional\u0103,\n\u0219i \u00ee\u0219i reitereaz\u0103 angajamentul de a continua s\u0103 promoveze activ valorile \u0219i\nmisiunea UIP de for\u021b\u0103 motrice a ac\u021biunii parlamentare \u00een sprijinul progresului\nla scar\u0103 global\u0103.<\/p>\n","protected":false},"excerpt":{"rendered":"<p>Cu ocazia celei de-a treia edi\u021bii a Zilei Interna\u021bionale a Parlamentarismului (30 iunie), UIP a \u00eencheiat seria manifest\u0103rilor consacrate celebr\u0103rii a 130 de ani de existen\u021b\u0103 prin publicarea unui volum aniversar. Acesta prezint\u0103 realiz\u0103rile organiza\u021biei de la \u00eenfiin\u021barea sa, acum 13 decenii, \u0219i include contribu\u021bii din partea parlamentelor membre. Fondat\u0103 la Paris, la 30 iunie [&hellip;]<\/p>\n","protected":false},"author":2,"featured_media":0,"comment_status":"closed","ping_status":"open","sticky":false,"template":"","format":"standard","meta":{"ngg_post_thumbnail":0,"footnotes":""},"categories":[5,2],"tags":[],"class_list":["post-1314","post","type-post","status-publish","format-standard","hentry","category-evenimente","category-repere"],"_links":{"self":[{"href":"https:\/\/sites.senat.ro\/index.php?rest_route=\/wp\/v2\/posts\/1314","targetHints":{"allow":["GET"]}}],"collection":[{"href":"https:\/\/sites.senat.ro\/index.php?rest_route=\/wp\/v2\/posts"}],"about":[{"href":"https:\/\/sites.senat.ro\/index.php?rest_route=\/wp\/v2\/types\/post"}],"author":[{"embeddable":true,"href":"https:\/\/sites.senat.ro\/index.php?rest_route=\/wp\/v2\/users\/2"}],"replies":[{"embeddable":true,"href":"https:\/\/sites.senat.ro\/index.php?rest_route=%2Fwp%2Fv2%2Fcomments&post=1314"}],"version-history":[{"count":0,"href":"https:\/\/sites.senat.ro\/index.php?rest_route=\/wp\/v2\/posts\/1314\/revisions"}],"wp:attachment":[{"href":"https:\/\/sites.senat.ro\/index.php?rest_route=%2Fwp%2Fv2%2Fmedia&parent=1314"}],"wp:term":[{"taxonomy":"category","embeddable":true,"href":"https:\/\/sites.senat.ro\/index.php?rest_route=%2Fwp%2Fv2%2Fcategories&post=1314"},{"taxonomy":"post_tag","embeddable":true,"href":"https:\/\/sites.senat.ro\/index.php?rest_route=%2Fwp%2Fv2%2Ftags&post=1314"}],"curies":[{"name":"wp","href":"https:\/\/api.w.org\/{rel}","templated":true}]}}