{"id":1295,"date":"2020-06-24T09:02:33","date_gmt":"2020-06-24T09:02:33","guid":{"rendered":"http:\/\/sites.senat.ro\/?p=1295"},"modified":"2020-07-16T11:50:39","modified_gmt":"2020-07-16T11:50:39","slug":"conferinta-on-line-cu-tema-raspunsul-comun-la-pandemia-covid-19","status":"publish","type":"post","link":"https:\/\/sites.senat.ro\/?p=1295","title":{"rendered":"Conferin\u021ba on line &#8222;R\u0103spunsul comun la pandemia COVID-19&#8221;"},"content":{"rendered":"\n<p>Deputatul Victor Paul Dobre, pre\u0219edintele Grupului parlamentar de prietenie Rom\u00e2nia-Republica Azerbaidjan \u0219i senatorul Iancu Caracota, membru al Grupului, au participat la<em> <\/em>evenimentul care a fost organizat \u00een ziua de 24 iunie de Parlamentul azer, sub egida Platformei Parlamentare Baku pentru Dialog \u0219i Cooperare.<\/p>\n\n\n\n<figure class=\"wp-block-image\"><img loading=\"lazy\" decoding=\"async\" width=\"545\" height=\"1024\" src=\"https:\/\/sites.senat.ro\/wp-content\/uploads\/sites\/2\/2020\/07\/BPP_2-545x1024.jpg\" alt=\"\" class=\"wp-image-1296\" srcset=\"https:\/\/sites.senat.ro\/wp-content\/uploads\/2020\/07\/BPP_2-545x1024.jpg 545w, https:\/\/sites.senat.ro\/wp-content\/uploads\/2020\/07\/BPP_2-160x300.jpg 160w, https:\/\/sites.senat.ro\/wp-content\/uploads\/2020\/07\/BPP_2-768x1442.jpg 768w, https:\/\/sites.senat.ro\/wp-content\/uploads\/2020\/07\/BPP_2-732x1374.jpg 732w, https:\/\/sites.senat.ro\/wp-content\/uploads\/2020\/07\/BPP_2.jpg 1014w\" sizes=\"auto, (max-width: 545px) 100vw, 545px\" \/><\/figure>\n\n\n\n<p>Conferin\u021ba a avut ca scop promovarea dialogului interparlamentar privind modalit\u0103\u021bile de dep\u0103\u0219ire a crizei \u0219i rolul parlamentelor \u00een perioada actual\u0103 \u0219i \u00een perioada post-pandemic\u0103.&nbsp; <\/p>\n\n\n\n<p>\u00cen interven\u021bia sa, deputatul Victor Paul Dobre a subliniat c\u0103 aceast\u0103 pandemie a afectat puternic toate statele, a testat capacitatea sistemelor de s\u0103n\u0103tate \u0219i rezilien\u021ba economiilor \u0219i, nu \u00een ultimul r\u00e2nd, r\u0103bdarea \u0219i \u00een\u021belegerea cet\u0103\u021benilor. <\/p>\n\n\n\n<div class=\"wp-block-image\"><figure class=\"aligncenter\"><img loading=\"lazy\" decoding=\"async\" width=\"448\" height=\"336\" src=\"https:\/\/sites.senat.ro\/wp-content\/uploads\/sites\/2\/2020\/07\/BPP_1.jpg\" alt=\"\" class=\"wp-image-1300\" srcset=\"https:\/\/sites.senat.ro\/wp-content\/uploads\/2020\/07\/BPP_1.jpg 448w, https:\/\/sites.senat.ro\/wp-content\/uploads\/2020\/07\/BPP_1-300x225.jpg 300w\" sizes=\"auto, (max-width: 448px) 100vw, 448px\" \/><\/figure><\/div>\n\n\n\n<p>Pre\u0219edintele\nGrupului de prietenie \u0219i-a exprimat speran\u021ba c\u0103 actuala pandemie va reprezenta\no lec\u021bie important\u0103, remarc\u00e2nd c\u0103 solidaritatea sporit\u0103 \u00een plan interna\u021bional\ncontribuie la solu\u021bionarea problemelor de la nivel na\u021bional. \u00cen context, a\nsubliniat c\u0103 Rom\u00e2nia a trimis \u00een SUA \u0219i Italia echipe medicale, a sprijinit\nRepublica Moldova cu personal medical, echipamente \u0219i dispozitive medicale,\nprecum \u0219i cu medicamente, \u0219i a oferit ajutor Ucrainei, contribuind astfel la\neforturile de combatere a pandemiei COVID-19 \u00een aceste \u021b\u0103ri.<\/p>\n","protected":false},"excerpt":{"rendered":"<p>Deputatul Victor Paul Dobre, pre\u0219edintele Grupului parlamentar de prietenie Rom\u00e2nia-Republica Azerbaidjan \u0219i senatorul Iancu Caracota, membru al Grupului, au participat la evenimentul care a fost organizat \u00een ziua de 24 iunie de Parlamentul azer, sub egida Platformei Parlamentare Baku pentru Dialog \u0219i Cooperare. Conferin\u021ba a avut ca scop promovarea dialogului interparlamentar privind modalit\u0103\u021bile de dep\u0103\u0219ire [&hellip;]<\/p>\n","protected":false},"author":2,"featured_media":0,"comment_status":"closed","ping_status":"open","sticky":false,"template":"","format":"standard","meta":{"ngg_post_thumbnail":0,"footnotes":""},"categories":[10,1],"tags":[],"class_list":["post-1295","post","type-post","status-publish","format-standard","hentry","category-alteactivitati","category-prietenie"],"_links":{"self":[{"href":"https:\/\/sites.senat.ro\/index.php?rest_route=\/wp\/v2\/posts\/1295","targetHints":{"allow":["GET"]}}],"collection":[{"href":"https:\/\/sites.senat.ro\/index.php?rest_route=\/wp\/v2\/posts"}],"about":[{"href":"https:\/\/sites.senat.ro\/index.php?rest_route=\/wp\/v2\/types\/post"}],"author":[{"embeddable":true,"href":"https:\/\/sites.senat.ro\/index.php?rest_route=\/wp\/v2\/users\/2"}],"replies":[{"embeddable":true,"href":"https:\/\/sites.senat.ro\/index.php?rest_route=%2Fwp%2Fv2%2Fcomments&post=1295"}],"version-history":[{"count":0,"href":"https:\/\/sites.senat.ro\/index.php?rest_route=\/wp\/v2\/posts\/1295\/revisions"}],"wp:attachment":[{"href":"https:\/\/sites.senat.ro\/index.php?rest_route=%2Fwp%2Fv2%2Fmedia&parent=1295"}],"wp:term":[{"taxonomy":"category","embeddable":true,"href":"https:\/\/sites.senat.ro\/index.php?rest_route=%2Fwp%2Fv2%2Fcategories&post=1295"},{"taxonomy":"post_tag","embeddable":true,"href":"https:\/\/sites.senat.ro\/index.php?rest_route=%2Fwp%2Fv2%2Ftags&post=1295"}],"curies":[{"name":"wp","href":"https:\/\/api.w.org\/{rel}","templated":true}]}}