{"id":1246,"date":"2020-05-25T08:48:31","date_gmt":"2020-05-25T08:48:31","guid":{"rendered":"http:\/\/sites.senat.ro\/?p=1246"},"modified":"2020-07-16T11:49:13","modified_gmt":"2020-07-16T11:49:13","slug":"reuniunea-comitetului-uip-pentru-drepturile-omului-ale-parlamentarilor","status":"publish","type":"post","link":"https:\/\/sites.senat.ro\/?p=1246","title":{"rendered":"Reuniunea Comitetului UIP pentru drepturile omului ale parlamentarilor"},"content":{"rendered":"\n<div class=\"wp-block-image\"><figure class=\"alignleft is-resized\"><img loading=\"lazy\" decoding=\"async\" src=\"https:\/\/sites.senat.ro\/wp-content\/uploads\/sites\/2\/2020\/06\/Drepturile-omului-1024x683.jpg\" alt=\"\" class=\"wp-image-1181\" width=\"248\" height=\"164\" srcset=\"https:\/\/sites.senat.ro\/wp-content\/uploads\/2020\/06\/Drepturile-omului-1024x683.jpg 1024w, https:\/\/sites.senat.ro\/wp-content\/uploads\/2020\/06\/Drepturile-omului-300x200.jpg 300w, https:\/\/sites.senat.ro\/wp-content\/uploads\/2020\/06\/Drepturile-omului-768x512.jpg 768w, https:\/\/sites.senat.ro\/wp-content\/uploads\/2020\/06\/Drepturile-omului-732x488.jpg 732w, https:\/\/sites.senat.ro\/wp-content\/uploads\/2020\/06\/Drepturile-omului.jpg 1920w\" sizes=\"auto, (max-width: 248px) 100vw, 248px\" \/><\/figure><\/div>\n\n\n\n<p>La prima sa reuniune on line (25-29 mai a.c.), <strong><a href=\"https:\/\/www.ipu.org\/news\/press-releases\/2020-06\/ipu-concerned-about-vulnerability-detained-mps-during-pandemic\">Comitetul UIP pentru drepturile omului ale parlamentarilor<\/a><\/strong> a examinat situa\u021bia a 43 de parlamentari, majoritatea din Venezuela, C\u00f4te d&#8217;Ivoire \u0219i Turcia, afla\u021bi la ora actual\u0103 \u00een deten\u021bie. <\/p>\n\n\n\n<p>Comitetul a f\u0103cut apel la autorit\u0103\u021bile din \u021b\u0103rile respective s\u0103 \u00eei elibereze, date fiind riscurile mari de infectare cu SARS-CoV-2 \u00een mediul carceral \u0219i faptul c\u0103 nu le este respectat dreptul la ap\u0103rare.  <\/p>\n","protected":false},"excerpt":{"rendered":"<p>La prima sa reuniune on line (25-29 mai a.c.), Comitetul UIP pentru drepturile omului ale parlamentarilor a examinat situa\u021bia a 43 de parlamentari, majoritatea din Venezuela, C\u00f4te d&#8217;Ivoire \u0219i Turcia, afla\u021bi la ora actual\u0103 \u00een deten\u021bie. Comitetul a f\u0103cut apel la autorit\u0103\u021bile din \u021b\u0103rile respective s\u0103 \u00eei elibereze, date fiind riscurile mari de infectare cu [&hellip;]<\/p>\n","protected":false},"author":2,"featured_media":0,"comment_status":"closed","ping_status":"open","sticky":false,"template":"","format":"standard","meta":{"ngg_post_thumbnail":0,"footnotes":""},"categories":[5,2],"tags":[],"class_list":["post-1246","post","type-post","status-publish","format-standard","hentry","category-evenimente","category-repere"],"_links":{"self":[{"href":"https:\/\/sites.senat.ro\/index.php?rest_route=\/wp\/v2\/posts\/1246","targetHints":{"allow":["GET"]}}],"collection":[{"href":"https:\/\/sites.senat.ro\/index.php?rest_route=\/wp\/v2\/posts"}],"about":[{"href":"https:\/\/sites.senat.ro\/index.php?rest_route=\/wp\/v2\/types\/post"}],"author":[{"embeddable":true,"href":"https:\/\/sites.senat.ro\/index.php?rest_route=\/wp\/v2\/users\/2"}],"replies":[{"embeddable":true,"href":"https:\/\/sites.senat.ro\/index.php?rest_route=%2Fwp%2Fv2%2Fcomments&post=1246"}],"version-history":[{"count":0,"href":"https:\/\/sites.senat.ro\/index.php?rest_route=\/wp\/v2\/posts\/1246\/revisions"}],"wp:attachment":[{"href":"https:\/\/sites.senat.ro\/index.php?rest_route=%2Fwp%2Fv2%2Fmedia&parent=1246"}],"wp:term":[{"taxonomy":"category","embeddable":true,"href":"https:\/\/sites.senat.ro\/index.php?rest_route=%2Fwp%2Fv2%2Fcategories&post=1246"},{"taxonomy":"post_tag","embeddable":true,"href":"https:\/\/sites.senat.ro\/index.php?rest_route=%2Fwp%2Fv2%2Ftags&post=1246"}],"curies":[{"name":"wp","href":"https:\/\/api.w.org\/{rel}","templated":true}]}}