{"id":1238,"date":"2020-04-28T09:30:13","date_gmt":"2020-04-28T09:30:13","guid":{"rendered":"http:\/\/sites.senat.ro\/?p=1238"},"modified":"2020-07-16T11:47:59","modified_gmt":"2020-07-16T11:47:59","slug":"webinarul-cu-tema-pandemia-covid-19-lectii-pentru-actiunea-parlamentara-in-scopul-reducerii-riscurilor-consolidarii-pregatirii-pentru-situatii-de-urgenta-si-al-cresterii-rezilientei","status":"publish","type":"post","link":"https:\/\/sites.senat.ro\/?p=1238","title":{"rendered":"Webinarul &#8222;Pandemia COVID-19 \u2013 lec\u021bii pentru ac\u021biunea parlamentar\u0103 \u00een scopul reducerii riscurilor, consolid\u0103rii preg\u0103tirii pentru situa\u021bii de urgen\u021b\u0103 \u0219i al cre\u0219terii rezilien\u021bei&#8221;"},"content":{"rendered":"\n<p>Organizat \u00een ziua de 28 aprilie, de UIP \u0219i OMS, <a href=\"https:\/\/www.ipu.org\/event\/lessons-covid-19-pandemic-parliamentary-action-reduce-risks-strengthen-emergency-preparedness-and-increase-resilience\">webinarul<\/a> a fost parte a campaniei UIP intitulat\u0103 <em>Parlamentele \u00een perioada pandemiei. <\/em><\/p>\n\n\n\n<p>La eveniment au participat 500 de parlamentari \u0219i func\u021bionari parlamentari din peste 80 de \u021b\u0103ri.&nbsp; Au sus\u021binut interven\u021bii: dr Tedros Adhanom Ghebreyesus, directorul general al OMS; dr Michael Ryan, director executiv al OMS, coordonatorul Programului pentru urgen\u021be de s\u0103n\u0103tate; dr Maria Van KerKhove, coordonatorul Grupului tehnic COVID-19 din cadrul OMS;&nbsp; Martin Chungong, secretarul general al UIP; Mami Mizutori, reprezentantul special al secretarului general al ONU pentru reducerea riscului de dezastre; Petra Bayr, membr\u0103 a Grupului consultativ al UIP pentru s\u0103n\u0103tate, membr\u0103 a Parlamentului austriac. <\/p>\n\n\n\n<p>Exper\u021bii\nOMS au prezentat date la zi despre evolu\u021bia \u0219i impactul pandemiei, despre\nriscurile pe care le genereaz\u0103 \u00een sectorul sanitar \u0219i \u00een celelalte sectoare ale\nvie\u021bii sociale. Secretarul general al UIP a pledat pentru o implicare sus\u021binut\u0103\na parlamentelor \u00een identificarea \u0219i implementarea m\u0103surilor de gestionare a\npandemiei, asigur\u00e2ndu-se c\u0103 acestea respect\u0103 principiile democratice,\ndrepturile \u0219i libert\u0103\u021bile fundamentale, \u0219i au \u00een vedere protec\u021bia grupurilor\nvulnerabile. &#8222;Anumite guverne doresc s\u0103\nprofite de criz\u0103 pentru a guverna prin decrete, \u00een afara controlului\nparlamentar. \u00cen situa\u021bii de urgen\u021b\u0103, precum aceasta, este esen\u021bial\u0103 respectarea\nprincipiului democra\u021biei parlamentare&#8221;, a subliniat Petra Bayr. La r\u00e2ndul s\u0103u, directorul general al OMS a\navertizat \u00eempotriva pericolului de politizare a crizei \u0219i a atras aten\u021bia c\u0103\naceasta va putea fi dep\u0103\u0219it\u0103 numai prin cooperare interna\u021bional\u0103 \u0219i unitate\nna\u021bional\u0103. <\/p>\n","protected":false},"excerpt":{"rendered":"<p>Organizat \u00een ziua de 28 aprilie, de UIP \u0219i OMS, webinarul a fost parte a campaniei UIP intitulat\u0103 Parlamentele \u00een perioada pandemiei. La eveniment au participat 500 de parlamentari \u0219i func\u021bionari parlamentari din peste 80 de \u021b\u0103ri.&nbsp; Au sus\u021binut interven\u021bii: dr Tedros Adhanom Ghebreyesus, directorul general al OMS; dr Michael Ryan, director executiv al OMS, [&hellip;]<\/p>\n","protected":false},"author":2,"featured_media":0,"comment_status":"closed","ping_status":"open","sticky":false,"template":"","format":"standard","meta":{"ngg_post_thumbnail":0,"footnotes":""},"categories":[5,2],"tags":[],"class_list":["post-1238","post","type-post","status-publish","format-standard","hentry","category-evenimente","category-repere"],"_links":{"self":[{"href":"https:\/\/sites.senat.ro\/index.php?rest_route=\/wp\/v2\/posts\/1238","targetHints":{"allow":["GET"]}}],"collection":[{"href":"https:\/\/sites.senat.ro\/index.php?rest_route=\/wp\/v2\/posts"}],"about":[{"href":"https:\/\/sites.senat.ro\/index.php?rest_route=\/wp\/v2\/types\/post"}],"author":[{"embeddable":true,"href":"https:\/\/sites.senat.ro\/index.php?rest_route=\/wp\/v2\/users\/2"}],"replies":[{"embeddable":true,"href":"https:\/\/sites.senat.ro\/index.php?rest_route=%2Fwp%2Fv2%2Fcomments&post=1238"}],"version-history":[{"count":0,"href":"https:\/\/sites.senat.ro\/index.php?rest_route=\/wp\/v2\/posts\/1238\/revisions"}],"wp:attachment":[{"href":"https:\/\/sites.senat.ro\/index.php?rest_route=%2Fwp%2Fv2%2Fmedia&parent=1238"}],"wp:term":[{"taxonomy":"category","embeddable":true,"href":"https:\/\/sites.senat.ro\/index.php?rest_route=%2Fwp%2Fv2%2Fcategories&post=1238"},{"taxonomy":"post_tag","embeddable":true,"href":"https:\/\/sites.senat.ro\/index.php?rest_route=%2Fwp%2Fv2%2Ftags&post=1238"}],"curies":[{"name":"wp","href":"https:\/\/api.w.org\/{rel}","templated":true}]}}