{"id":1230,"date":"2020-04-25T00:20:19","date_gmt":"2020-04-25T00:20:19","guid":{"rendered":"http:\/\/sites.senat.ro\/?p=1230"},"modified":"2020-07-16T11:53:28","modified_gmt":"2020-07-16T11:53:28","slug":"o-planeta-o-umanitate-webinar-cu-ocazia-zilei-internationale-a-multlateralismului","status":"publish","type":"post","link":"https:\/\/sites.senat.ro\/?p=1230","title":{"rendered":"&#8222;O planet\u0103, o umanitate&#8221; &#8211; webinar cu ocazia Zilei Interna\u021bionale a Multilateralismului"},"content":{"rendered":"\n<p><em>Ziua Interna\u021bional\u0103 Multilateralismului &#8211; 24 aprilie<\/em> a fost marcat\u0103 de UIP printr-un <a href=\"https:\/\/www.ipu.org\/event\/one-planet-one-humanity-webinar-international-day-multilateralism#event-sub-page-21989\/\">webinar<\/a> cu tema &nbsp;<strong><em>O planet\u0103, o&nbsp;umanitate<\/em><\/strong>, organizat de Biroul Observatorului UIP la Na\u021biunile Unite (New York). <\/p>\n\n\n\n<p>Au sus\u021binut interven\u021bii pre\u0219edinta UIP, Gabriela Cuevas Barron, reprezentantul special al Secretarului general al ONU pentru comemorarea celei de-a 75-a anivers\u0103ri a Na\u021biunilor Unite, Fabrizio Hochschild, pre\u0219edintele Comisiei UIP pentru Na\u021biunile Unite, Juan Carlos Romero, membru al Senatului din Argentina \u0219i, din partea Comitetului executiv al UIP, Mladen Gruji\u0107, membru al parlamentului din Serbia.<\/p>\n\n\n\n<p>Participan\u021bii au discutat despre\nmisiunea ONU \u0219i a UIP \u00een actualul context interna\u021bional marcat de impactul\npandemiei COVID-19, au eviden\u021biat necesitatea implic\u0103rii sus\u021binute a\nparlamentarilor \u00een promovarea multilateralismului \u0219i au subliniat c\u0103 actualele\nprovoc\u0103ri globale impun valorificarea sinergiilor dintre solu\u021biile\nmultilaterale \u0219i cele na\u021bionale.<\/p>\n","protected":false},"excerpt":{"rendered":"<p>Ziua Interna\u021bional\u0103 Multilateralismului &#8211; 24 aprilie a fost marcat\u0103 de UIP printr-un webinar cu tema &nbsp;O planet\u0103, o&nbsp;umanitate, organizat de Biroul Observatorului UIP la Na\u021biunile Unite (New York). Au sus\u021binut interven\u021bii pre\u0219edinta UIP, Gabriela Cuevas Barron, reprezentantul special al Secretarului general al ONU pentru comemorarea celei de-a 75-a anivers\u0103ri a Na\u021biunilor Unite, Fabrizio Hochschild, pre\u0219edintele [&hellip;]<\/p>\n","protected":false},"author":2,"featured_media":0,"comment_status":"closed","ping_status":"open","sticky":false,"template":"","format":"standard","meta":{"ngg_post_thumbnail":0,"footnotes":""},"categories":[5,2],"tags":[],"class_list":["post-1230","post","type-post","status-publish","format-standard","hentry","category-evenimente","category-repere"],"_links":{"self":[{"href":"https:\/\/sites.senat.ro\/index.php?rest_route=\/wp\/v2\/posts\/1230","targetHints":{"allow":["GET"]}}],"collection":[{"href":"https:\/\/sites.senat.ro\/index.php?rest_route=\/wp\/v2\/posts"}],"about":[{"href":"https:\/\/sites.senat.ro\/index.php?rest_route=\/wp\/v2\/types\/post"}],"author":[{"embeddable":true,"href":"https:\/\/sites.senat.ro\/index.php?rest_route=\/wp\/v2\/users\/2"}],"replies":[{"embeddable":true,"href":"https:\/\/sites.senat.ro\/index.php?rest_route=%2Fwp%2Fv2%2Fcomments&post=1230"}],"version-history":[{"count":0,"href":"https:\/\/sites.senat.ro\/index.php?rest_route=\/wp\/v2\/posts\/1230\/revisions"}],"wp:attachment":[{"href":"https:\/\/sites.senat.ro\/index.php?rest_route=%2Fwp%2Fv2%2Fmedia&parent=1230"}],"wp:term":[{"taxonomy":"category","embeddable":true,"href":"https:\/\/sites.senat.ro\/index.php?rest_route=%2Fwp%2Fv2%2Fcategories&post=1230"},{"taxonomy":"post_tag","embeddable":true,"href":"https:\/\/sites.senat.ro\/index.php?rest_route=%2Fwp%2Fv2%2Ftags&post=1230"}],"curies":[{"name":"wp","href":"https:\/\/api.w.org\/{rel}","templated":true}]}}