{"id":1226,"date":"2020-04-25T09:00:38","date_gmt":"2020-04-25T09:00:38","guid":{"rendered":"http:\/\/sites.senat.ro\/?p=1226"},"modified":"2020-07-16T11:46:00","modified_gmt":"2020-07-16T11:46:00","slug":"uip-se-alatura-eforturilor-onu-pentru-incetarea-globala-a-focului-in-contextul-pandemiei-covid-19","status":"publish","type":"post","link":"https:\/\/sites.senat.ro\/?p=1226","title":{"rendered":"UIP se al\u0103tur\u0103 eforturilor ONU pentru \u00eencetarea global\u0103 a focului \u00een contextul pandemiei COVID-19"},"content":{"rendered":"\n<p><\/p>\n\n\n\n<div class=\"wp-block-image\"><figure class=\"alignleft is-resized\"><img loading=\"lazy\" decoding=\"async\" src=\"https:\/\/sites.senat.ro\/wp-content\/uploads\/sites\/2\/2020\/06\/ipu_english_logo_colours_rgb-1024x714.jpg\" alt=\"\" class=\"wp-image-1227\" width=\"153\" height=\"106\" srcset=\"https:\/\/sites.senat.ro\/wp-content\/uploads\/2020\/06\/ipu_english_logo_colours_rgb-1024x714.jpg 1024w, https:\/\/sites.senat.ro\/wp-content\/uploads\/2020\/06\/ipu_english_logo_colours_rgb-300x209.jpg 300w, https:\/\/sites.senat.ro\/wp-content\/uploads\/2020\/06\/ipu_english_logo_colours_rgb-768x535.jpg 768w, https:\/\/sites.senat.ro\/wp-content\/uploads\/2020\/06\/ipu_english_logo_colours_rgb-732x510.jpg 732w, https:\/\/sites.senat.ro\/wp-content\/uploads\/2020\/06\/ipu_english_logo_colours_rgb-1140x794.jpg 1140w, https:\/\/sites.senat.ro\/wp-content\/uploads\/2020\/06\/ipu_english_logo_colours_rgb.jpg 1300w\" sizes=\"auto, (max-width: 153px) 100vw, 153px\" \/><\/figure><\/div>\n\n\n\n<p>Pre\u0219edinta UIP, Gabriela Cuevas Barron, pre\u0219edintele Comisiei UIP pentru pace \u0219i securitate interna\u021bional\u0103, Jos\u00e9 Ignacio Ech\u00e1niz, \u0219i pre\u0219edintele Grupului consultativ al UIP pentru combaterea terorismului \u0219i extremismului violent, Reinhold Lopatka, au semnat o <strong><em><a href=\"https:\/\/www.ipu.org\/news\/statements\/2020-04\/ipu-joins-un-in-calling-immediate-global-ceasefire-in-view-covid-19\">Declara\u021bie comun\u0103 de sus\u021binere a apelului pentru o \u00eencetare imediat\u0103 \u0219i global\u0103 a focului.&nbsp;<\/a><\/em><\/strong>Apelul a fost lansat de secretarul general al ONU \u00een 23 martie a.c., \u00een contextul pandemiei COVID-19.<\/p>\n\n\n\n<p><em>&#8222;Ast\u0103zi, mai mult ca oric\u00e2nd, trebuie s\u0103 ap\u0103r\u0103m persoanele cele mai vulnerabile din societ\u0103\u021bile noastre \u2013 femeile, copiii, v\u00e2rstnicii, persoanele cu handicap, persoanele marginalizate \u0219i str\u0103mutate. \u00cen lumea de ast\u0103zi nu trebuie s\u0103 existe dec\u00e2t un singur r\u0103zboi: r\u0103zboiul comun \u00eempotriva COVID-19. Acest r\u0103zboi impune unitate, solidaritate \u0219i cooperare la nivel mondial. [\u2026] Cerem insistent tuturor p\u0103r\u021bilor aflate \u00eentr-un conflict s\u0103 opreasc\u0103 ostilit\u0103\u021bile, s\u0103 respecte pe deplin dreptul interna\u021bional umanitar \u0219i s\u0103 lase deschis\u0103 u\u0219a diploma\u021biei&#8221;<\/em>, afirm\u0103, printre altele, semnatarii declara\u021biei. <\/p>\n","protected":false},"excerpt":{"rendered":"<p>Pre\u0219edinta UIP, Gabriela Cuevas Barron, pre\u0219edintele Comisiei UIP pentru pace \u0219i securitate interna\u021bional\u0103, Jos\u00e9 Ignacio Ech\u00e1niz, \u0219i pre\u0219edintele Grupului consultativ al UIP pentru combaterea terorismului \u0219i extremismului violent, Reinhold Lopatka, au semnat o Declara\u021bie comun\u0103 de sus\u021binere a apelului pentru o \u00eencetare imediat\u0103 \u0219i global\u0103 a focului.&nbsp;Apelul a fost lansat de secretarul general al ONU [&hellip;]<\/p>\n","protected":false},"author":2,"featured_media":0,"comment_status":"closed","ping_status":"open","sticky":false,"template":"","format":"standard","meta":{"ngg_post_thumbnail":0,"footnotes":""},"categories":[5,2],"tags":[],"class_list":["post-1226","post","type-post","status-publish","format-standard","hentry","category-evenimente","category-repere"],"_links":{"self":[{"href":"https:\/\/sites.senat.ro\/index.php?rest_route=\/wp\/v2\/posts\/1226","targetHints":{"allow":["GET"]}}],"collection":[{"href":"https:\/\/sites.senat.ro\/index.php?rest_route=\/wp\/v2\/posts"}],"about":[{"href":"https:\/\/sites.senat.ro\/index.php?rest_route=\/wp\/v2\/types\/post"}],"author":[{"embeddable":true,"href":"https:\/\/sites.senat.ro\/index.php?rest_route=\/wp\/v2\/users\/2"}],"replies":[{"embeddable":true,"href":"https:\/\/sites.senat.ro\/index.php?rest_route=%2Fwp%2Fv2%2Fcomments&post=1226"}],"version-history":[{"count":0,"href":"https:\/\/sites.senat.ro\/index.php?rest_route=\/wp\/v2\/posts\/1226\/revisions"}],"wp:attachment":[{"href":"https:\/\/sites.senat.ro\/index.php?rest_route=%2Fwp%2Fv2%2Fmedia&parent=1226"}],"wp:term":[{"taxonomy":"category","embeddable":true,"href":"https:\/\/sites.senat.ro\/index.php?rest_route=%2Fwp%2Fv2%2Fcategories&post=1226"},{"taxonomy":"post_tag","embeddable":true,"href":"https:\/\/sites.senat.ro\/index.php?rest_route=%2Fwp%2Fv2%2Ftags&post=1226"}],"curies":[{"name":"wp","href":"https:\/\/api.w.org\/{rel}","templated":true}]}}