{"id":1213,"date":"2020-03-24T11:45:08","date_gmt":"2020-03-24T11:45:08","guid":{"rendered":"http:\/\/sites.senat.ro\/?p=1213"},"modified":"2020-07-16T11:41:07","modified_gmt":"2020-07-16T11:41:07","slug":"parlamentele-in-perioada-pandemiei","status":"publish","type":"post","link":"https:\/\/sites.senat.ro\/?p=1213","title":{"rendered":"Parlamentele \u00een perioada pandemiei"},"content":{"rendered":"\n<div class=\"wp-block-image\"><figure class=\"alignright is-resized\"><img loading=\"lazy\" decoding=\"async\" src=\"https:\/\/sites.senat.ro\/wp-content\/uploads\/sites\/2\/2020\/06\/Parlament_pandemie.jpg\" alt=\"\" class=\"wp-image-1186\" width=\"306\" height=\"204\" srcset=\"https:\/\/sites.senat.ro\/wp-content\/uploads\/2020\/06\/Parlament_pandemie.jpg 650w, https:\/\/sites.senat.ro\/wp-content\/uploads\/2020\/06\/Parlament_pandemie-300x200.jpg 300w\" sizes=\"auto, (max-width: 306px) 100vw, 306px\" \/><\/figure><\/div>\n\n\n\n<p>\u00cen luna martie, UIP a lansat<strong> <\/strong>campania<strong> <em><a href=\"https:\/\/www.ipu.org\/parliaments-in-time-pandemic\">Parlamentele \u00een perioada pandemiei<\/a><\/em><\/strong>, care are rolul de a facilita coordonarea \u0219i schimbul de informa\u021bii \u0219i experien\u021b\u0103 \u00eentre parlamente cu privire la solu\u021biile identificate pentru continuarea activit\u0103\u021bii de legiferare, dezbatere \u0219i control al ac\u021biunilor guvernului \u00een contextul m\u0103surilor de izolare \u0219i distan\u021bare social\u0103. <\/p>\n\n\n\n<p><em>Prin intermediul unei sec\u021biuni speciale creat\u0103 pe site-ul s\u0103u de web, UIP pune la dispozi\u021bia parlamentelor: o compila\u021bie a ini\u021biativelor \u0219i m\u0103surilor adoptate de forurile legislative din diferite \u021b\u0103ri \u0219i de adun\u0103rile parlamentare, \u00een contextul pandemiei; un set de \u00eentreb\u0103ri \u0219i r\u0103spunsuri practice privind instrumentele \u0219i tehnologiile prin care parlamentele \u00ee\u0219i pot desf\u0103\u0219ura activitatea la distan\u021b\u0103; o scurt\u0103 prezentare video a r\u0103spunsurilor parlamentelor la pandemie; dou\u0103 seturi de recomand\u0103ri privind activitatea parlamentar\u0103 \u00een context COVID, din punct de vedere al respect\u0103rii drepturilor omului \u0219i, respectiv, al integr\u0103rii dimensiunii de gen. <\/em><\/p>\n","protected":false},"excerpt":{"rendered":"<p>\u00cen luna martie, UIP a lansat campania Parlamentele \u00een perioada pandemiei, care are rolul de a facilita coordonarea \u0219i schimbul de informa\u021bii \u0219i experien\u021b\u0103 \u00eentre parlamente cu privire la solu\u021biile identificate pentru continuarea activit\u0103\u021bii de legiferare, dezbatere \u0219i control al ac\u021biunilor guvernului \u00een contextul m\u0103surilor de izolare \u0219i distan\u021bare social\u0103. Prin intermediul unei sec\u021biuni speciale [&hellip;]<\/p>\n","protected":false},"author":2,"featured_media":0,"comment_status":"closed","ping_status":"open","sticky":false,"template":"","format":"standard","meta":{"ngg_post_thumbnail":0,"footnotes":""},"categories":[5,2],"tags":[],"class_list":["post-1213","post","type-post","status-publish","format-standard","hentry","category-evenimente","category-repere"],"_links":{"self":[{"href":"https:\/\/sites.senat.ro\/index.php?rest_route=\/wp\/v2\/posts\/1213","targetHints":{"allow":["GET"]}}],"collection":[{"href":"https:\/\/sites.senat.ro\/index.php?rest_route=\/wp\/v2\/posts"}],"about":[{"href":"https:\/\/sites.senat.ro\/index.php?rest_route=\/wp\/v2\/types\/post"}],"author":[{"embeddable":true,"href":"https:\/\/sites.senat.ro\/index.php?rest_route=\/wp\/v2\/users\/2"}],"replies":[{"embeddable":true,"href":"https:\/\/sites.senat.ro\/index.php?rest_route=%2Fwp%2Fv2%2Fcomments&post=1213"}],"version-history":[{"count":0,"href":"https:\/\/sites.senat.ro\/index.php?rest_route=\/wp\/v2\/posts\/1213\/revisions"}],"wp:attachment":[{"href":"https:\/\/sites.senat.ro\/index.php?rest_route=%2Fwp%2Fv2%2Fmedia&parent=1213"}],"wp:term":[{"taxonomy":"category","embeddable":true,"href":"https:\/\/sites.senat.ro\/index.php?rest_route=%2Fwp%2Fv2%2Fcategories&post=1213"},{"taxonomy":"post_tag","embeddable":true,"href":"https:\/\/sites.senat.ro\/index.php?rest_route=%2Fwp%2Fv2%2Ftags&post=1213"}],"curies":[{"name":"wp","href":"https:\/\/api.w.org\/{rel}","templated":true}]}}