{"id":1200,"date":"2020-03-16T09:27:06","date_gmt":"2020-03-16T09:27:06","guid":{"rendered":"http:\/\/sites.senat.ro\/?p=1200"},"modified":"2020-07-16T11:44:34","modified_gmt":"2020-07-16T11:44:34","slug":"raportul-femeile-in-parlament-1995-2020-o-retrospectiva-a-ultimilor-25-de-ani","status":"publish","type":"post","link":"https:\/\/sites.senat.ro\/?p=1200","title":{"rendered":"Raportul &#8222;Femeile \u00een parlament: 1995-2020 &#8211; o retrospectiv\u0103 a ultimilor 25 de ani&#8221;"},"content":{"rendered":"\n<div class=\"wp-block-image\"><figure class=\"alignleft is-resized\"><img loading=\"lazy\" decoding=\"async\" src=\"https:\/\/sites.senat.ro\/wp-content\/uploads\/sites\/2\/2020\/06\/2020-women_in_parliament_en-lr-1-500.jpg\" alt=\"\" class=\"wp-image-1180\" width=\"248\" height=\"350\" srcset=\"https:\/\/sites.senat.ro\/wp-content\/uploads\/2020\/06\/2020-women_in_parliament_en-lr-1-500.jpg 460w, https:\/\/sites.senat.ro\/wp-content\/uploads\/2020\/06\/2020-women_in_parliament_en-lr-1-500-212x300.jpg 212w\" sizes=\"auto, (max-width: 248px) 100vw, 248px\" \/><\/figure><\/div>\n\n\n\n<p>Raportul ofer\u0103 o imagine de ansamblu asupra progreselor \u00eenregistrate de femei \u00een parlament, la un sfert de secol de la cea de-a patra Conferin\u021b\u0103 mondial\u0103 a Na\u021biunilor Unite privind femeile (Beijing, 1995).<\/p>\n\n\n\n<p>Este eviden\u021biat faptul c\u0103, pe parcursul ultimilor 25 de ani, a\u0219tept\u0103rile cu privire la participarea femeilor \u00een politic\u0103 au devenit din ce \u00een ce mai ambi\u021bioase, iar realizarea deplinei egalit\u0103\u021bi de gen \u00een parlamente reprezint\u0103 un obiectiv major.<\/p>\n\n\n\n<p>Publica\u021bia prezint\u0103 date \u0219i informa\u021bii privind: evolu\u021bia particip\u0103rii femeilor \u00een parlamentele na\u021bionale; femeile ce de\u021bin func\u021bia de pre\u0219edin\u021bi de parlamente; femeile candidate; tendin\u021be privind implicarea femeilor \u00een politic\u0103, la nivel regional \u0219i mondial. \u00cen acela\u0219i timp, sunt analizate mecanismele care au rolul de a promova accesul femeilor \u00een parlament \u0219i realizarea egalit\u0103\u021bii de gen \u00een legislativele na\u021bionale.<\/p>\n\n\n\n<p>Con\u021binutul\nintegral al publica\u021biei poate fi consultat <a href=\"https:\/\/www.ipu.org\/file\/8993\/download\">aici<\/a>.<\/p>\n","protected":false},"excerpt":{"rendered":"<p>Raportul ofer\u0103 o imagine de ansamblu asupra progreselor \u00eenregistrate de femei \u00een parlament, la un sfert de secol de la cea de-a patra Conferin\u021b\u0103 mondial\u0103 a Na\u021biunilor Unite privind femeile (Beijing, 1995). Este eviden\u021biat faptul c\u0103, pe parcursul ultimilor 25 de ani, a\u0219tept\u0103rile cu privire la participarea femeilor \u00een politic\u0103 au devenit din ce \u00een [&hellip;]<\/p>\n","protected":false},"author":2,"featured_media":0,"comment_status":"closed","ping_status":"open","sticky":false,"template":"","format":"standard","meta":{"ngg_post_thumbnail":0,"footnotes":""},"categories":[6,2],"tags":[],"class_list":["post-1200","post","type-post","status-publish","format-standard","hentry","category-publicatii","category-repere"],"_links":{"self":[{"href":"https:\/\/sites.senat.ro\/index.php?rest_route=\/wp\/v2\/posts\/1200","targetHints":{"allow":["GET"]}}],"collection":[{"href":"https:\/\/sites.senat.ro\/index.php?rest_route=\/wp\/v2\/posts"}],"about":[{"href":"https:\/\/sites.senat.ro\/index.php?rest_route=\/wp\/v2\/types\/post"}],"author":[{"embeddable":true,"href":"https:\/\/sites.senat.ro\/index.php?rest_route=\/wp\/v2\/users\/2"}],"replies":[{"embeddable":true,"href":"https:\/\/sites.senat.ro\/index.php?rest_route=%2Fwp%2Fv2%2Fcomments&post=1200"}],"version-history":[{"count":0,"href":"https:\/\/sites.senat.ro\/index.php?rest_route=\/wp\/v2\/posts\/1200\/revisions"}],"wp:attachment":[{"href":"https:\/\/sites.senat.ro\/index.php?rest_route=%2Fwp%2Fv2%2Fmedia&parent=1200"}],"wp:term":[{"taxonomy":"category","embeddable":true,"href":"https:\/\/sites.senat.ro\/index.php?rest_route=%2Fwp%2Fv2%2Fcategories&post=1200"},{"taxonomy":"post_tag","embeddable":true,"href":"https:\/\/sites.senat.ro\/index.php?rest_route=%2Fwp%2Fv2%2Ftags&post=1200"}],"curies":[{"name":"wp","href":"https:\/\/api.w.org\/{rel}","templated":true}]}}