{"id":1196,"date":"2020-03-16T10:23:34","date_gmt":"2020-03-16T10:23:34","guid":{"rendered":"http:\/\/sites.senat.ro\/?p=1196"},"modified":"2020-07-16T12:06:36","modified_gmt":"2020-07-16T12:06:36","slug":"harta-femeile-in-politica-2020","status":"publish","type":"post","link":"https:\/\/sites.senat.ro\/?p=1196","title":{"rendered":"Harta &#8222;Femeile \u00een politic\u0103 &#8211; 2020&#8221;"},"content":{"rendered":"\n<div class=\"wp-block-image\"><figure class=\"alignleft is-resized\"><img loading=\"lazy\" decoding=\"async\" src=\"https:\/\/sites.senat.ro\/wp-content\/uploads\/sites\/2\/2020\/06\/2020_women_in_politics_map_en-lr-850.jpg\" alt=\"\" class=\"wp-image-1179\" width=\"287\" height=\"188\" srcset=\"https:\/\/sites.senat.ro\/wp-content\/uploads\/2020\/06\/2020_women_in_politics_map_en-lr-850.jpg 650w, https:\/\/sites.senat.ro\/wp-content\/uploads\/2020\/06\/2020_women_in_politics_map_en-lr-850-300x198.jpg 300w\" sizes=\"auto, (max-width: 287px) 100vw, 287px\" \/><\/figure><\/div>\n\n\n\n<p>Realizat\u0103 \u00een colaborare cu UN Women, <a href=\"https:\/\/www.ipu.org\/resources\/publications\/infographics\/2020-03\/women-in-politics-2020\">harta<\/a> ofer\u0103 o radiografie global\u0103 a prezen\u021bei femeilor \u00een parlamente \u0219i guverne la 1 ianuarie 2020. <\/p>\n\n\n\n<p>Sunt prezentate date \u0219i statistici despre: ponderea femeilor \u00een parlamentele na\u0163ionale; femeile care ocup\u0103 cele mai \u00eenalte pozi\u0163ii \u00een stat (\u015fef de stat \u015fi\/sau de guvern, pre\u015fedinte de parlament sau de camer\u0103 parlamentar\u0103, portofolii ministeriale); evolu\u0163iile la nivel de \u0163ar\u0103 \u015fi de regiune \u00een ceea ce prive\u015fte prezen\u0163a femeilor \u00een politic\u0103.<\/p>\n\n\n\n<p><em>La nivel mondial, ponderea femeilor parlamentare continu\u0103 s\u0103 creasc\u0103 \u00eentr-un ritm foarte lent, de la 24,3% \u00een 2019 la 24,9% \u00een 2020. Pe primul loc se men\u021bin \u0163\u0103rile nordice, cu 43,9%, urmate de continentul american (31,1%) \u015fi de \u0163\u0103rile europene, inclusiv \u021b\u0103rile nordice (30,1%). <\/em><\/p>\n\n\n\n<p><em>\u00cen\nclasamentul pe \u021b\u0103ri, pe prima pozi\u0163ie r\u0103m\u00e2ne Rwanda (cu 61,3% femei \u00een prima\nCamer\u0103 \u015fi 38,5% femei \u00een cea de-a doua Camer\u0103), urmat\u0103 de Cuba (53,2%), Bolivia\n(53,1%) \u0219i Emiratele Arabe Unite (50%). <strong>Cu\nprocente de 21,9% femei \u00een Camera Deputa\u0163ilor \u015fi 14,7% femei \u00een Senat, Rom\u00e2nia\nse situeaz\u0103 pe pozi\u0163ia 91 la nivel mondial \u0219i pe locul 20 \u00een Uniunea European\u0103.<\/strong><\/em><\/p>\n\n\n\n<p>Informa\u021bii\ndetaliate privind clasamentul \u021b\u0103rilor \u00een care femeile ocup\u0103 cele mai \u00eenalte\npozi\u021bii \u00een stat \u0219i domeniile ministeriale conduse de femei, pot fi consultate <a href=\"https:\/\/www.ipu.org\/file\/8996\/download\">aici<\/a>.<\/p>\n","protected":false},"excerpt":{"rendered":"<p>Realizat\u0103 \u00een colaborare cu UN Women, harta ofer\u0103 o radiografie global\u0103 a prezen\u021bei femeilor \u00een parlamente \u0219i guverne la 1 ianuarie 2020. Sunt prezentate date \u0219i statistici despre: ponderea femeilor \u00een parlamentele na\u0163ionale; femeile care ocup\u0103 cele mai \u00eenalte pozi\u0163ii \u00een stat (\u015fef de stat \u015fi\/sau de guvern, pre\u015fedinte de parlament sau de camer\u0103 parlamentar\u0103, [&hellip;]<\/p>\n","protected":false},"author":2,"featured_media":0,"comment_status":"closed","ping_status":"open","sticky":false,"template":"","format":"standard","meta":{"ngg_post_thumbnail":0,"footnotes":""},"categories":[6,2],"tags":[],"class_list":["post-1196","post","type-post","status-publish","format-standard","hentry","category-publicatii","category-repere"],"_links":{"self":[{"href":"https:\/\/sites.senat.ro\/index.php?rest_route=\/wp\/v2\/posts\/1196","targetHints":{"allow":["GET"]}}],"collection":[{"href":"https:\/\/sites.senat.ro\/index.php?rest_route=\/wp\/v2\/posts"}],"about":[{"href":"https:\/\/sites.senat.ro\/index.php?rest_route=\/wp\/v2\/types\/post"}],"author":[{"embeddable":true,"href":"https:\/\/sites.senat.ro\/index.php?rest_route=\/wp\/v2\/users\/2"}],"replies":[{"embeddable":true,"href":"https:\/\/sites.senat.ro\/index.php?rest_route=%2Fwp%2Fv2%2Fcomments&post=1196"}],"version-history":[{"count":0,"href":"https:\/\/sites.senat.ro\/index.php?rest_route=\/wp\/v2\/posts\/1196\/revisions"}],"wp:attachment":[{"href":"https:\/\/sites.senat.ro\/index.php?rest_route=%2Fwp%2Fv2%2Fmedia&parent=1196"}],"wp:term":[{"taxonomy":"category","embeddable":true,"href":"https:\/\/sites.senat.ro\/index.php?rest_route=%2Fwp%2Fv2%2Fcategories&post=1196"},{"taxonomy":"post_tag","embeddable":true,"href":"https:\/\/sites.senat.ro\/index.php?rest_route=%2Fwp%2Fv2%2Ftags&post=1196"}],"curies":[{"name":"wp","href":"https:\/\/api.w.org\/{rel}","templated":true}]}}