{"id":1174,"date":"2020-06-09T10:04:57","date_gmt":"2020-06-09T10:04:57","guid":{"rendered":"http:\/\/sites.senat.ro\/?p=1174"},"modified":"2020-07-16T11:48:24","modified_gmt":"2020-07-16T11:48:24","slug":"webinarul-cu-tema-raspunsul-la-covid-19-si-obiectivele-dezvoltarii-durabile-9-iunie-2020","status":"publish","type":"post","link":"https:\/\/sites.senat.ro\/?p=1174","title":{"rendered":"Webinarul &#8222;R\u0103spunsul la COVID-19 \u0219i Obiectivele Dezvolt\u0103rii Durabile&#8221; (9 iunie 2020)"},"content":{"rendered":"\n<p style=\"text-align:left\"><br><\/p>\n\n\n\n<div class=\"wp-block-image\"><figure class=\"alignleft is-resized\"><img loading=\"lazy\" decoding=\"async\" src=\"https:\/\/lirp-cdn.multiscreensite.com\/6f2c9f57\/dms3rep\/multi\/opt\/UNSDSN_logo-720w.png\" alt=\"\" width=\"226\" height=\"90\" \/><\/figure><\/div>\n\n\n\n<p>Reuniunea a fost organizat\u0103 de Re\u021beaua global\u0103 a ONU pentru dezvoltare durabil\u0103 \u0219i Ini\u021biativa Parlamentari pentru dezvoltare durabil\u0103.<\/p>\n\n\n\n<p>La <a href=\"https:\/\/www.unsdsn.org\/parliamentarians-build-back-better-with-the-sdgs\">eveniment<\/a>, primul dintr-o serie de seminarii on line pe aceast\u0103 tem\u0103, au participat parlamentari \u0219i personal parlamentar din aproximativ 100 de \u021b\u0103ri, al\u0103turi de exper\u021bi interna\u021bionali \u0219i reprezentan\u021bi ai mediului academic. <\/p>\n\n\n\n<p>\u00cen interven\u021bia sa introductiv\u0103, pre\u0219edinta UIP, Gabriela Cuevas Barron, a declarat c\u0103&nbsp;: \u201e\u00cen prezent suntem la o r\u0103scruce \u0219i trebuie s\u0103 facem o alegere: am putea fi genera\u021bia care distruge lumea sau am putea fi genera\u021bia care o transform\u0103. [\u2026] &nbsp;Elaborarea unor legi mai echitabile, aprobarea unor bugete incluzive \u0219i controlul ac\u021biunilor guvernamentale sunt atribu\u021bii parlamentare. Dac\u0103 suntem cu adev\u0103rat angaja\u021bi s\u0103 \u00abnu l\u0103s\u0103m pe nimeni \u00een urm\u0103\u00bb, a\u0219a cum se afirm\u0103 \u00een Agenda 2030, atunci trebuie ca \u00een centrul deciziilor noastre s\u0103-i punem pe oameni. Doar atunci parlamentele pot transforma acordurile globale &#8211; a\u0219a cum ar trebui s\u0103 o fac\u0103 &#8211; \u00een solu\u021bii na\u021bionale. Dac\u0103 to\u021bi cei 46 552 de parlamentari vor urm\u0103ri implementarea Obiectivelor Dezvolt\u0103rii Durabile, atunci vom deveni genera\u021bia care a ales s\u0103 transforme lumea\u201d.<\/p>\n\n\n\n<p>Subiectele\nabordate \u00een cadrul webinarului au fost urm\u0103toarele: <em>Un nou sistem economic pentru prosperitate &amp; Realizarea ODD; Cum\naducem ODD \u00een centrul proceselor decizionale privind r\u0103spunsul la COVID-19? <\/em><\/p>\n\n\n\n<p>Paneli\u0219tii invita\u021bi &#8211; dr. Yuning Gao, profesor la Universitatea Tsinghua, R.P. Chinez\u0103; dr. Jayati Ghosh, profesor la Universitatea Jawaharlal Nehru, India; dr. Martin Muhleisen, director, Fondul Monetar Interna\u021bional; dr. Jeffrey Sachs, pre\u0219edintele Re\u021belei Solu\u021bii de Dezvoltare Durabil\u0103 &#8211; au prezentat date \u0219tiin\u021bifice \u0219i au f\u0103cut recomand\u0103ri \u00een m\u0103sur\u0103 s\u0103 sus\u021bin\u0103 procesele decizionale din parlament \u0219i identificarea celor mai eficiente solu\u021bii de contracarare a efectelor pandemiei COVID-19 \u0219i de repornire a economiei globale \u00eentr-un mod durabil \u0219i incluziv, \u00een concordan\u021b\u0103 cu Obiectivele Dezvolt\u0103rii Durabile \u0219i cu prevederile Acordului de la Paris privind schimb\u0103rile climatice.<\/p>\n","protected":false},"excerpt":{"rendered":"<p>Reuniunea a fost organizat\u0103 de Re\u021beaua global\u0103 a ONU pentru dezvoltare durabil\u0103 \u0219i Ini\u021biativa Parlamentari pentru dezvoltare durabil\u0103. La eveniment, primul dintr-o serie de seminarii on line pe aceast\u0103 tem\u0103, au participat parlamentari \u0219i personal parlamentar din aproximativ 100 de \u021b\u0103ri, al\u0103turi de exper\u021bi interna\u021bionali \u0219i reprezentan\u021bi ai mediului academic. \u00cen interven\u021bia sa introductiv\u0103, pre\u0219edinta [&hellip;]<\/p>\n","protected":false},"author":2,"featured_media":0,"comment_status":"closed","ping_status":"open","sticky":false,"template":"","format":"standard","meta":{"ngg_post_thumbnail":0,"footnotes":""},"categories":[5,2],"tags":[],"class_list":["post-1174","post","type-post","status-publish","format-standard","hentry","category-evenimente","category-repere"],"_links":{"self":[{"href":"https:\/\/sites.senat.ro\/index.php?rest_route=\/wp\/v2\/posts\/1174","targetHints":{"allow":["GET"]}}],"collection":[{"href":"https:\/\/sites.senat.ro\/index.php?rest_route=\/wp\/v2\/posts"}],"about":[{"href":"https:\/\/sites.senat.ro\/index.php?rest_route=\/wp\/v2\/types\/post"}],"author":[{"embeddable":true,"href":"https:\/\/sites.senat.ro\/index.php?rest_route=\/wp\/v2\/users\/2"}],"replies":[{"embeddable":true,"href":"https:\/\/sites.senat.ro\/index.php?rest_route=%2Fwp%2Fv2%2Fcomments&post=1174"}],"version-history":[{"count":0,"href":"https:\/\/sites.senat.ro\/index.php?rest_route=\/wp\/v2\/posts\/1174\/revisions"}],"wp:attachment":[{"href":"https:\/\/sites.senat.ro\/index.php?rest_route=%2Fwp%2Fv2%2Fmedia&parent=1174"}],"wp:term":[{"taxonomy":"category","embeddable":true,"href":"https:\/\/sites.senat.ro\/index.php?rest_route=%2Fwp%2Fv2%2Fcategories&post=1174"},{"taxonomy":"post_tag","embeddable":true,"href":"https:\/\/sites.senat.ro\/index.php?rest_route=%2Fwp%2Fv2%2Ftags&post=1174"}],"curies":[{"name":"wp","href":"https:\/\/api.w.org\/{rel}","templated":true}]}}