{"id":1143,"date":"2019-12-09T09:58:36","date_gmt":"2019-12-09T09:58:36","guid":{"rendered":"http:\/\/sites.senat.ro\/?p=1143"},"modified":"2020-01-22T08:06:17","modified_gmt":"2020-01-22T08:06:17","slug":"reuniunea-parlamentara-si-sesiunea-la-nivel-inalt-din-cadrul-conferintei-natiunilor-unite-privind-schimbarile-climatice-madrid-10-11-decembrie-2019","status":"publish","type":"post","link":"https:\/\/sites.senat.ro\/?p=1143","title":{"rendered":"Reuniunea parlamentar\u0103 \u015fi sesiunea la nivel \u00eenalt din cadrul Conferin\u0163ei Na\u0163iunilor Unite privind schimb\u0103rile climatice (Madrid, 10-11 decembrie 2019)"},"content":{"rendered":"\n<p>Dl deputat Dumitru Oprea, dl senator Derzsi \u00c1kos \u0219i dl deputat Gheorghe D\u0103nu\u021b Bogdan, membri ai Comitetului Director al GRUI, au participat la reuniunea parlamentar\u0103 organizat\u0103 cu ocazia Conferin\u0163ei Na\u0163iunilor Unite privind schimb\u0103rile climatice &#8211; COP25 (Madrid, 2-13 decembrie 2019).<\/p>\n\n\n\n<p><a href=\"https:\/\/www.ipu.org\/file\/8483\/download\">Programul<\/a> a inclus o prezentare \u0219tiin\u021bific\u0103 urmat\u0103 de dezbateri interactive pe tema <em>Urgen\u021ba climatic\u0103 \u0219i angajamentele na\u021bionale \u00een scopul reducerii emisiilor de gaz cu efect de ser\u0103, din perspectiva datelor \u0219tiin\u021bifice privind schimb\u0103rile climatice. <\/em><\/p>\n\n\n\n<p>Cei peste 100 de\nparlamentari prezen\u021bi au avut oportunitatea de aob\u021bine informa\u021bii privind principalele\naspecte \u0219i orient\u0103ri majore ale COP25, de a interac\u021biona cu exper\u021bi \u0219i\nnegociatori guvernamentali, de a se familiariza cu recomand\u0103rile UIP incluse \u00een\n<em>Planul de ac\u0163iune parlamentar\u0103 privind\nschimb\u0103rile climatice<\/em> \u0219i de a discuta despre m\u0103surile necesare pentru\ntranspunerea \u00een practic\u0103 a Acordului de la Paris.<\/p>\n\n\n\n<p>La finalul reuniunii\nparticipan\u021bii au adoptat un <a href=\"https:\/\/www.ipu.org\/file\/8543\/download\">document\nfinal<\/a> ce con\u021bine recomand\u0103ri \u00een aten\u021bia parlamentelor na\u021bionale, \u00een sprijinul reducerii impactului\nschimb\u0103rilor climatice. <\/p>\n\n\n\n<p style=\"text-align:center\">***<\/p>\n\n\n\n<p>\u00cen ziua de 11\ndecembrie, membrii delega\u021biei GRUI au participat la partea a doua a sesiunii la\nnivel \u00eenalt a COP25, la care au fost prezentate m\u0103surile adoptate \u0219i progresele\nrealizate &nbsp;de statele lumii pentru\ncombaterea efectelor schimb\u0103rilor climatice. <\/p>\n\n\n\n<p><em>La lucr\u0103rile COP25 \u0219i la reuniunea UIP din marja Conferin\u021bei au mai participat dl senator Aurel-Horea Soporan, membru al delega\u021biei Parlamentului Rom\u00e2niei la Adunarea Parlamentar\u0103 a Mediteranei, \u0219i dl deputat Ion Cup\u0103, pre\u0219edintele Comisiei pentru mediu \u0219i echilibru ecologic din Camera Deputa\u021bilor. &nbsp;<\/em><\/p>\n\n\n\n<figure class=\"wp-block-image\"><img loading=\"lazy\" decoding=\"async\" width=\"1024\" height=\"768\" src=\"https:\/\/sites.senat.ro\/wp-content\/uploads\/sites\/2\/2019\/12\/Foto1_schimbari-climatice-1024x768.jpeg\" alt=\"\" class=\"wp-image-1144\" srcset=\"https:\/\/sites.senat.ro\/wp-content\/uploads\/2019\/12\/Foto1_schimbari-climatice-1024x768.jpeg 1024w, https:\/\/sites.senat.ro\/wp-content\/uploads\/2019\/12\/Foto1_schimbari-climatice-300x225.jpeg 300w, https:\/\/sites.senat.ro\/wp-content\/uploads\/2019\/12\/Foto1_schimbari-climatice-768x576.jpeg 768w, https:\/\/sites.senat.ro\/wp-content\/uploads\/2019\/12\/Foto1_schimbari-climatice-732x549.jpeg 732w, https:\/\/sites.senat.ro\/wp-content\/uploads\/2019\/12\/Foto1_schimbari-climatice-1140x855.jpeg 1140w, https:\/\/sites.senat.ro\/wp-content\/uploads\/2019\/12\/Foto1_schimbari-climatice.jpeg 1600w\" sizes=\"auto, (max-width: 1024px) 100vw, 1024px\" \/><\/figure>\n\n\n\n<figure class=\"wp-block-image\"><img loading=\"lazy\" decoding=\"async\" width=\"1024\" height=\"768\" src=\"https:\/\/sites.senat.ro\/wp-content\/uploads\/sites\/2\/2019\/12\/Foto3_schimbari-climatice-1024x768.jpeg\" alt=\"\" class=\"wp-image-1145\" srcset=\"https:\/\/sites.senat.ro\/wp-content\/uploads\/2019\/12\/Foto3_schimbari-climatice-1024x768.jpeg 1024w, https:\/\/sites.senat.ro\/wp-content\/uploads\/2019\/12\/Foto3_schimbari-climatice-300x225.jpeg 300w, https:\/\/sites.senat.ro\/wp-content\/uploads\/2019\/12\/Foto3_schimbari-climatice-768x576.jpeg 768w, https:\/\/sites.senat.ro\/wp-content\/uploads\/2019\/12\/Foto3_schimbari-climatice-732x549.jpeg 732w, https:\/\/sites.senat.ro\/wp-content\/uploads\/2019\/12\/Foto3_schimbari-climatice-1140x855.jpeg 1140w, https:\/\/sites.senat.ro\/wp-content\/uploads\/2019\/12\/Foto3_schimbari-climatice.jpeg 1600w\" sizes=\"auto, (max-width: 1024px) 100vw, 1024px\" \/><\/figure>\n","protected":false},"excerpt":{"rendered":"<p>Dl deputat Dumitru Oprea, dl senator Derzsi \u00c1kos \u0219i dl deputat Gheorghe D\u0103nu\u021b Bogdan, membri ai Comitetului Director al GRUI, au participat la reuniunea parlamentar\u0103 organizat\u0103 cu ocazia Conferin\u0163ei Na\u0163iunilor Unite privind schimb\u0103rile climatice &#8211; COP25 (Madrid, 2-13 decembrie 2019). Programul a inclus o prezentare \u0219tiin\u021bific\u0103 urmat\u0103 de dezbateri interactive pe tema Urgen\u021ba climatic\u0103 \u0219i [&hellip;]<\/p>\n","protected":false},"author":2,"featured_media":0,"comment_status":"closed","ping_status":"open","sticky":false,"template":"","format":"standard","meta":{"ngg_post_thumbnail":0,"footnotes":""},"categories":[3],"tags":[],"class_list":["post-1143","post","type-post","status-publish","format-standard","hentry","category-participare"],"_links":{"self":[{"href":"https:\/\/sites.senat.ro\/index.php?rest_route=\/wp\/v2\/posts\/1143","targetHints":{"allow":["GET"]}}],"collection":[{"href":"https:\/\/sites.senat.ro\/index.php?rest_route=\/wp\/v2\/posts"}],"about":[{"href":"https:\/\/sites.senat.ro\/index.php?rest_route=\/wp\/v2\/types\/post"}],"author":[{"embeddable":true,"href":"https:\/\/sites.senat.ro\/index.php?rest_route=\/wp\/v2\/users\/2"}],"replies":[{"embeddable":true,"href":"https:\/\/sites.senat.ro\/index.php?rest_route=%2Fwp%2Fv2%2Fcomments&post=1143"}],"version-history":[{"count":0,"href":"https:\/\/sites.senat.ro\/index.php?rest_route=\/wp\/v2\/posts\/1143\/revisions"}],"wp:attachment":[{"href":"https:\/\/sites.senat.ro\/index.php?rest_route=%2Fwp%2Fv2%2Fmedia&parent=1143"}],"wp:term":[{"taxonomy":"category","embeddable":true,"href":"https:\/\/sites.senat.ro\/index.php?rest_route=%2Fwp%2Fv2%2Fcategories&post=1143"},{"taxonomy":"post_tag","embeddable":true,"href":"https:\/\/sites.senat.ro\/index.php?rest_route=%2Fwp%2Fv2%2Ftags&post=1143"}],"curies":[{"name":"wp","href":"https:\/\/api.w.org\/{rel}","templated":true}]}}