{"id":1125,"date":"2019-12-04T00:53:21","date_gmt":"2019-12-04T00:53:21","guid":{"rendered":"http:\/\/sites.senat.ro\/?p=1125"},"modified":"2019-12-23T09:22:43","modified_gmt":"2019-12-23T09:22:43","slug":"sesiunea-septembrie-decembrie-2019","status":"publish","type":"post","link":"https:\/\/sites.senat.ro\/?p=1125","title":{"rendered":"SESIUNEA SEPTEMBRIE &#8211; DECEMBRIE 2019"},"content":{"rendered":"\n<p><\/p>\n\n\n\n<div class=\"wp-block-image\"><figure class=\"alignleft is-resized\"><img loading=\"lazy\" decoding=\"async\" src=\"https:\/\/sites.senat.ro\/wp-content\/uploads\/sites\/2\/2019\/12\/vietnam.gif\" alt=\"\" class=\"wp-image-1128\" width=\"132\" height=\"88\" \/><\/figure><\/div>\n\n\n\n<p>5 septembrie &#8211; Participarea dlui deputat Lucian-Eduard Simion, pre\u0219edintele&nbsp;Grupului parlamentar de prietenie Rom\u00e2nia &#8211; Republica Socialist\u0103 Vietnam,&nbsp;la primirea, de c\u0103tre dl senator Titus Corl\u0103\u021bean, vicepre\u0219edinte al Senatului, a delega\u021biei Comisiei pentru politic\u0103 extern\u0103 din Adunarea Na\u021bional\u0103 vietnamez\u0103, condus\u0103 de dl Nguyen Van Giau, pre\u0219edintele Comisiei<\/p>\n\n\n\n<div class=\"wp-block-image\"><figure class=\"alignleft is-resized\"><img loading=\"lazy\" decoding=\"async\" src=\"https:\/\/sites.senat.ro\/wp-content\/uploads\/sites\/2\/2019\/12\/serbia.gif\" alt=\"\" class=\"wp-image-1129\" width=\"136\" height=\"91\" \/><\/figure><\/div>\n\n\n\n<p>10 septembrie &#8211; \u00centrevederea dlui senator Liviu-Lucian Mazilu, secretarul&nbsp;Grupului parlamentar de prietenie Rom\u00e2nia &#8211; Republica Serbia,&nbsp;\u0219i a dlui deputat Dorel-Gheorghe C\u0103prar, membru al Grupului,&nbsp;cu delega\u021bia parlamentar\u0103 condus\u0103 de dl Dragan Markovi\u0107, membru al Adun\u0103rii Na\u021bionale a Republicii Serbia<\/p>\n\n\n\n<div class=\"wp-block-image\"><figure class=\"alignleft is-resized\"><img loading=\"lazy\" decoding=\"async\" src=\"https:\/\/sites.senat.ro\/wp-content\/uploads\/sites\/2\/2019\/12\/georgia.gif\" alt=\"\" class=\"wp-image-1130\" width=\"139\" height=\"95\" \/><\/figure><\/div>\n\n\n\n<p>9 octombrie &#8211; \u00centrevederea dlui senator Fej\u00e9r L\u00e1szl\u00f3-\u00d6d\u00f6n, pre\u0219edintele&nbsp;Grupului parlamentar de prietenie Rom\u00e2nia &#8211; Georgia,&nbsp;\u0219i a membrilor Grupului cu delega\u021bia parlamentar\u0103 georgian\u0103&nbsp;format\u0103 din: dna Mariam Jashi, pre\u0219edintele Comisiei pentru educa\u021bie, \u0219tiin\u021b\u0103 \u0219i cultur\u0103, \u0219i dl Simon Nozadze, membru al Comisiei; dl Isko Daseni, pre\u0219edintele Grupului de prietenie cu Rom\u00e2nia<\/p>\n\n\n\n<div class=\"wp-block-image\"><figure class=\"alignleft is-resized\"><img loading=\"lazy\" decoding=\"async\" src=\"https:\/\/sites.senat.ro\/wp-content\/uploads\/sites\/2\/2019\/12\/iordania.gif\" alt=\"\" class=\"wp-image-1131\" width=\"147\" height=\"74\" \/><\/figure><\/div>\n\n\n\n<p>15 octombrie &#8211; \u00centrevederea dnei deputat Bir\u00f3 Roz\u00e1lia-Ibolya, pre\u0219edintele&nbsp;Grupului parlamentar de prietenie Rom\u00e2nia &#8211; Regatul Ha\u0219emit al Iordaniei, \u0219i a membrilor Grupului cu delega\u021bia Comisiei pentru politic\u0103 extern\u0103 din Camera Reprezentan\u021bilor a Parlamentului iordanian, condus\u0103 de&nbsp;Dr.Nidal Al-Taani, pre\u0219edintele Comisiei<\/p>\n\n\n\n<div class=\"wp-block-image\"><figure class=\"alignleft is-resized\"><img loading=\"lazy\" decoding=\"async\" src=\"https:\/\/sites.senat.ro\/wp-content\/uploads\/sites\/2\/2019\/12\/turcia.gif\" alt=\"\" class=\"wp-image-1132\" width=\"145\" height=\"97\" \/><\/figure><\/div>\n\n\n\n<p>3 decembrie &#8211; \u00centrevederea dlui deputat Nicolae Georgescu, pre\u0219edintele Grupului parlamentar de prietenie Rom\u00e2nia &#8211; Republica Turcia, \u0219i a membrilor Grupului cu delega\u021bia parlamentar\u0103 turc\u0103 condus\u0103 de dl Mehmet Kasim Gulpinar, pre\u0219edintele Comisiei pentru armonizare cu Uniunea European\u0103 din Marea Adunare Na\u021bional\u0103 a Republicii Turcia <\/p>\n\n\n\n<div class=\"wp-block-image\"><figure class=\"alignleft is-resized\"><img loading=\"lazy\" decoding=\"async\" src=\"https:\/\/sites.senat.ro\/wp-content\/uploads\/sites\/2\/2019\/12\/irlanda.gif\" alt=\"\" class=\"wp-image-1133\" width=\"156\" height=\"78\" \/><\/figure><\/div>\n\n\n\n<p>10 decembrie &#8211; \u00centrevederea dlui deputat Mihai Valentin Popa, pre\u0219edintele Grupului parlamentar de prietenie Rom\u00e2nia &#8211; Irlanda, \u0219i a membrilor Grupului cu E.S. dl Paul McGarry, ambasadorul Irlandei \u00een Rom\u00e2nia<\/p>\n","protected":false},"excerpt":{"rendered":"<p>5 septembrie &#8211; Participarea dlui deputat Lucian-Eduard Simion, pre\u0219edintele&nbsp;Grupului parlamentar de prietenie Rom\u00e2nia &#8211; Republica Socialist\u0103 Vietnam,&nbsp;la primirea, de c\u0103tre dl senator Titus Corl\u0103\u021bean, vicepre\u0219edinte al Senatului, a delega\u021biei Comisiei pentru politic\u0103 extern\u0103 din Adunarea Na\u021bional\u0103 vietnamez\u0103, condus\u0103 de dl Nguyen Van Giau, pre\u0219edintele Comisiei 10 septembrie &#8211; \u00centrevederea dlui senator Liviu-Lucian Mazilu, secretarul&nbsp;Grupului parlamentar [&hellip;]<\/p>\n","protected":false},"author":2,"featured_media":0,"comment_status":"closed","ping_status":"open","sticky":false,"template":"","format":"standard","meta":{"ngg_post_thumbnail":0,"footnotes":""},"categories":[8,1],"tags":[],"class_list":["post-1125","post","type-post","status-publish","format-standard","hentry","category-intrevederi","category-prietenie"],"_links":{"self":[{"href":"https:\/\/sites.senat.ro\/index.php?rest_route=\/wp\/v2\/posts\/1125","targetHints":{"allow":["GET"]}}],"collection":[{"href":"https:\/\/sites.senat.ro\/index.php?rest_route=\/wp\/v2\/posts"}],"about":[{"href":"https:\/\/sites.senat.ro\/index.php?rest_route=\/wp\/v2\/types\/post"}],"author":[{"embeddable":true,"href":"https:\/\/sites.senat.ro\/index.php?rest_route=\/wp\/v2\/users\/2"}],"replies":[{"embeddable":true,"href":"https:\/\/sites.senat.ro\/index.php?rest_route=%2Fwp%2Fv2%2Fcomments&post=1125"}],"version-history":[{"count":0,"href":"https:\/\/sites.senat.ro\/index.php?rest_route=\/wp\/v2\/posts\/1125\/revisions"}],"wp:attachment":[{"href":"https:\/\/sites.senat.ro\/index.php?rest_route=%2Fwp%2Fv2%2Fmedia&parent=1125"}],"wp:term":[{"taxonomy":"category","embeddable":true,"href":"https:\/\/sites.senat.ro\/index.php?rest_route=%2Fwp%2Fv2%2Fcategories&post=1125"},{"taxonomy":"post_tag","embeddable":true,"href":"https:\/\/sites.senat.ro\/index.php?rest_route=%2Fwp%2Fv2%2Ftags&post=1125"}],"curies":[{"name":"wp","href":"https:\/\/api.w.org\/{rel}","templated":true}]}}