{"id":1096,"date":"2019-12-04T11:11:55","date_gmt":"2019-12-04T11:11:55","guid":{"rendered":"http:\/\/sites.senat.ro\/?p=1096"},"modified":"2019-12-23T09:07:37","modified_gmt":"2019-12-23T09:07:37","slug":"cea-de-a-69-a-sesiune-a-comitetului-regional-al-oms-pentru-europa-si-la-briefingul-tehnic-privind-colaborarea-dintre-organizatia-mondiala-a-sanatatii-si-parlamente-copenhaga-16-19-septembrie-2019","status":"publish","type":"post","link":"https:\/\/sites.senat.ro\/?p=1096","title":{"rendered":"Cea de-a 69-a sesiune a Comitetului Regional al OMS pentru Europa \u0219i la briefingul tehnic privind colaborarea dintre Organiza\u021bia Mondial\u0103 a S\u0103n\u0103t\u0103\u021bii \u0219i parlamente (Copenhaga, 16-19 septembrie 2019)"},"content":{"rendered":"\n<div class=\"wp-block-image\"><figure class=\"alignleft is-resized\"><img loading=\"lazy\" decoding=\"async\" src=\"https:\/\/sites.senat.ro\/wp-content\/uploads\/sites\/2\/2019\/12\/WHO-Europa-1.png\" alt=\"\" class=\"wp-image-1097\" width=\"228\" height=\"99\" srcset=\"https:\/\/sites.senat.ro\/wp-content\/uploads\/2019\/12\/WHO-Europa-1.png 307w, https:\/\/sites.senat.ro\/wp-content\/uploads\/2019\/12\/WHO-Europa-1-300x130.png 300w\" sizes=\"auto, (max-width: 228px) 100vw, 228px\" \/><\/figure><\/div>\n\n\n\n<p>La eveniment a\nparticipat dl senator L\u00e1szl\u00f3 Attila, pre\u015fedintele Comisiei pentru s\u0103n\u0103tate\npublic\u0103.<\/p>\n\n\n\n<p><em>Comitetul\nRegional, organismul decizional la cel mai \u00eenalt nivel al celor 53 de state\nmembre ale Regiunii Europene a OMS, se \u00eentrune\u015fte o dat\u0103 pe an, \u00een luna\nseptembrie, \u00eentr-o sesiune la care particip\u0103 mini\u015ftrii \u0219i al\u021bi oficiali cu\natribu\u021bii \u00een domeniul s\u0103n\u0103t\u0103\u021bii \u0219i reprezentan\u021bi ai organiza\u0163iilor partenere \u015fi\nai societ\u0103\u0163ii civile. Comitetul stabile\u0219te activit\u0103\u0163ile OMS \u00een vederea\n\u00eembun\u0103t\u0103\u0163irii st\u0103rii de s\u0103n\u0103tate \u0219i a condi\u021biilor sanitare ale popula\u021biei din\nRegiunea European\u0103, formuleaz\u0103 politici regionale, dezbate \u015fi analizeaz\u0103\nrapoartele de activitate ale OMS etc.<\/em><\/p>\n\n\n\n<p>Printre subiectele\nexaminate \u00een acest an s-au num\u0103rat: <em>rezultatele implement\u0103rii a\npoliticii-cadru a UE <\/em>S\u0103n\u0103tate 2020<em>; leadership-ul \u00een s\u0103n\u0103tatea public\u0103;\npromovarea echit\u0103\u021bii \u00een s\u0103n\u0103tate; transformarea OMS \u0219i implica\u021biile regionale;\nactivitatea OMS la nivel de \u021bar\u0103; \u00eembun\u0103t\u0103\u021birea asisten\u021bei medicale primare;\neduca\u021bia pentru s\u0103n\u0103tate<\/em>. <\/p>\n\n\n\n<p>\u00cen marja sesiunii, \u00een ziua de 18 septembrie OMS a organizat briefingul\ntehniccu tema <em>Colaborarea regional\u0103 \u00een sprijinul s\u0103n\u0103t\u0103\u021bii cu\nparlamentele din Regiunea European\u0103 a OMS.<\/em><\/p>\n","protected":false},"excerpt":{"rendered":"<p>La eveniment a participat dl senator L\u00e1szl\u00f3 Attila, pre\u015fedintele Comisiei pentru s\u0103n\u0103tate public\u0103. Comitetul Regional, organismul decizional la cel mai \u00eenalt nivel al celor 53 de state membre ale Regiunii Europene a OMS, se \u00eentrune\u015fte o dat\u0103 pe an, \u00een luna septembrie, \u00eentr-o sesiune la care particip\u0103 mini\u015ftrii \u0219i al\u021bi oficiali cu atribu\u021bii \u00een domeniul [&hellip;]<\/p>\n","protected":false},"author":2,"featured_media":0,"comment_status":"closed","ping_status":"open","sticky":false,"template":"","format":"standard","meta":{"ngg_post_thumbnail":0,"footnotes":""},"categories":[4],"tags":[],"class_list":["post-1096","post","type-post","status-publish","format-standard","hentry","category-onu"],"_links":{"self":[{"href":"https:\/\/sites.senat.ro\/index.php?rest_route=\/wp\/v2\/posts\/1096","targetHints":{"allow":["GET"]}}],"collection":[{"href":"https:\/\/sites.senat.ro\/index.php?rest_route=\/wp\/v2\/posts"}],"about":[{"href":"https:\/\/sites.senat.ro\/index.php?rest_route=\/wp\/v2\/types\/post"}],"author":[{"embeddable":true,"href":"https:\/\/sites.senat.ro\/index.php?rest_route=\/wp\/v2\/users\/2"}],"replies":[{"embeddable":true,"href":"https:\/\/sites.senat.ro\/index.php?rest_route=%2Fwp%2Fv2%2Fcomments&post=1096"}],"version-history":[{"count":0,"href":"https:\/\/sites.senat.ro\/index.php?rest_route=\/wp\/v2\/posts\/1096\/revisions"}],"wp:attachment":[{"href":"https:\/\/sites.senat.ro\/index.php?rest_route=%2Fwp%2Fv2%2Fmedia&parent=1096"}],"wp:term":[{"taxonomy":"category","embeddable":true,"href":"https:\/\/sites.senat.ro\/index.php?rest_route=%2Fwp%2Fv2%2Fcategories&post=1096"},{"taxonomy":"post_tag","embeddable":true,"href":"https:\/\/sites.senat.ro\/index.php?rest_route=%2Fwp%2Fv2%2Ftags&post=1096"}],"curies":[{"name":"wp","href":"https:\/\/api.w.org\/{rel}","templated":true}]}}