{"id":1089,"date":"2019-12-02T09:09:53","date_gmt":"2019-12-02T09:09:53","guid":{"rendered":"http:\/\/sites.senat.ro\/?p=1089"},"modified":"2019-12-23T09:03:14","modified_gmt":"2019-12-23T09:03:14","slug":"reuniunea-consultativa-in-pregatirea-briefingului-tehnic-pentru-parlamentari-cu-ocazia-celei-de-a-69-a-sesiuni-a-comitetului-regional-al-organizatiei-mondiale-a-sanatatii-pentru-europa-copenhaga-10","status":"publish","type":"post","link":"https:\/\/sites.senat.ro\/?p=1089","title":{"rendered":"Reuniunea consultativ\u0103 \u00een preg\u0103tirea briefingului tehnic pentru parlamentari cu ocazia celei de-a 69-a sesiuni a Comitetului Regional al Organiza\u021biei Mondiale a S\u0103n\u0103t\u0103\u021bii pentru Europa (Copenhaga, 10-11 iulie 2019)"},"content":{"rendered":"\n<div class=\"wp-block-image\"><figure class=\"alignleft is-resized\"><img loading=\"lazy\" decoding=\"async\" src=\"https:\/\/sites.senat.ro\/wp-content\/uploads\/sites\/2\/2019\/12\/WHO-Europa.png\" alt=\"\" class=\"wp-image-1090\" width=\"177\" height=\"77\" srcset=\"https:\/\/sites.senat.ro\/wp-content\/uploads\/2019\/12\/WHO-Europa.png 307w, https:\/\/sites.senat.ro\/wp-content\/uploads\/2019\/12\/WHO-Europa-300x130.png 300w\" sizes=\"auto, (max-width: 177px) 100vw, 177px\" \/><\/figure><\/div>\n\n\n\n<p>La reuniune a\nparticipat dl senator Emanuel-Gabriel Botnariu, membru al Comisiei pentru\ns\u0103n\u0103tate public\u0103.<\/p>\n\n\n\n<p>Participan\u021bii au discutat despre obiectivele, sfera tematic\u0103, modul de\nlucru \u0219i activit\u0103\u021bile unei viitoare re\u021bele europene de parlamentari\nspecializa\u021bi \u00een domeniul s\u0103n\u0103t\u0103\u021bii. Pe agenda reuniunii a figurat \u0219i o\ndezbatere privind <em>acoperirea universal\u0103 cu servicii de s\u0103n\u0103tate<\/em>, av\u00e2nd\nca reper proiectul de rezolu\u021bie pe acest subiect, aflat pe agenda UIP. <\/p>\n","protected":false},"excerpt":{"rendered":"<p>La reuniune a participat dl senator Emanuel-Gabriel Botnariu, membru al Comisiei pentru s\u0103n\u0103tate public\u0103. Participan\u021bii au discutat despre obiectivele, sfera tematic\u0103, modul de lucru \u0219i activit\u0103\u021bile unei viitoare re\u021bele europene de parlamentari specializa\u021bi \u00een domeniul s\u0103n\u0103t\u0103\u021bii. Pe agenda reuniunii a figurat \u0219i o dezbatere privind acoperirea universal\u0103 cu servicii de s\u0103n\u0103tate, av\u00e2nd ca reper proiectul [&hellip;]<\/p>\n","protected":false},"author":2,"featured_media":0,"comment_status":"closed","ping_status":"open","sticky":false,"template":"","format":"standard","meta":{"ngg_post_thumbnail":0,"footnotes":""},"categories":[4],"tags":[],"class_list":["post-1089","post","type-post","status-publish","format-standard","hentry","category-onu"],"_links":{"self":[{"href":"https:\/\/sites.senat.ro\/index.php?rest_route=\/wp\/v2\/posts\/1089","targetHints":{"allow":["GET"]}}],"collection":[{"href":"https:\/\/sites.senat.ro\/index.php?rest_route=\/wp\/v2\/posts"}],"about":[{"href":"https:\/\/sites.senat.ro\/index.php?rest_route=\/wp\/v2\/types\/post"}],"author":[{"embeddable":true,"href":"https:\/\/sites.senat.ro\/index.php?rest_route=\/wp\/v2\/users\/2"}],"replies":[{"embeddable":true,"href":"https:\/\/sites.senat.ro\/index.php?rest_route=%2Fwp%2Fv2%2Fcomments&post=1089"}],"version-history":[{"count":0,"href":"https:\/\/sites.senat.ro\/index.php?rest_route=\/wp\/v2\/posts\/1089\/revisions"}],"wp:attachment":[{"href":"https:\/\/sites.senat.ro\/index.php?rest_route=%2Fwp%2Fv2%2Fmedia&parent=1089"}],"wp:term":[{"taxonomy":"category","embeddable":true,"href":"https:\/\/sites.senat.ro\/index.php?rest_route=%2Fwp%2Fv2%2Fcategories&post=1089"},{"taxonomy":"post_tag","embeddable":true,"href":"https:\/\/sites.senat.ro\/index.php?rest_route=%2Fwp%2Fv2%2Ftags&post=1089"}],"curies":[{"name":"wp","href":"https:\/\/api.w.org\/{rel}","templated":true}]}}