{"id":1085,"date":"2019-12-09T07:08:11","date_gmt":"2019-12-09T07:08:11","guid":{"rendered":"http:\/\/sites.senat.ro\/?p=1085"},"modified":"2019-12-23T09:18:03","modified_gmt":"2019-12-23T09:18:03","slug":"cea-de-a-14-a-sesiune-a-comitetului-interguvernamental-de-salvgardare-a-patrimoniului-cultural-imaterial-unesco-bogota-9-14-decembrie-2019","status":"publish","type":"post","link":"https:\/\/sites.senat.ro\/?p=1085","title":{"rendered":"Cea de-a 14-a sesiune a Comitetului interguvernamental de salvgardare a patrimoniului cultural imaterial UNESCO (Bogota, 9-14 decembrie 2019)"},"content":{"rendered":"\n<div class=\"wp-block-image\"><figure class=\"alignleft is-resized\"><img loading=\"lazy\" decoding=\"async\" src=\"https:\/\/sites.senat.ro\/wp-content\/uploads\/sites\/2\/2019\/12\/UNESCO-2.png\" alt=\"\" class=\"wp-image-1086\" width=\"133\" height=\"133\" srcset=\"https:\/\/sites.senat.ro\/wp-content\/uploads\/2019\/12\/UNESCO-2.png 225w, https:\/\/sites.senat.ro\/wp-content\/uploads\/2019\/12\/UNESCO-2-150x150.png 150w\" sizes=\"auto, (max-width: 133px) 100vw, 133px\" \/><\/figure><\/div>\n\n\n\n<p>Delega\u021bia\nparlamentar\u0103 rom\u00e2n\u0103 a fost condus\u0103 de dl deputat Ionel Pal\u0103r, pre\u0219edintele Comisiei permanente comune a Camerei\nDeputa\u021bilor \u0219i Senatului pentru rela\u021bia cu UNESCO, \u0219i a fost format\u0103 din dl senator\nCornel-Cristian Resmeri\u021b\u0103 \u0219i dnii deputa\u021bi Sorin Laz\u0103r, Lucian-Eduard Simion \u0219i\nAlfred-Robert Simonis, membri ai Comisiei.<\/p>\n\n\n\n<p>Agenda sesiunii a inclus subiecte precum: <em>reforma sistemului de\nraportare na\u021bional\u0103 periodic\u0103; patrimoniul cultural imaterial \u00een situa\u021bii de\nurgen\u021b\u0103; examinarea cererilor de asisten\u021b\u0103.<\/em> <\/p>\n","protected":false},"excerpt":{"rendered":"<p>Delega\u021bia parlamentar\u0103 rom\u00e2n\u0103 a fost condus\u0103 de dl deputat Ionel Pal\u0103r, pre\u0219edintele Comisiei permanente comune a Camerei Deputa\u021bilor \u0219i Senatului pentru rela\u021bia cu UNESCO, \u0219i a fost format\u0103 din dl senator Cornel-Cristian Resmeri\u021b\u0103 \u0219i dnii deputa\u021bi Sorin Laz\u0103r, Lucian-Eduard Simion \u0219i Alfred-Robert Simonis, membri ai Comisiei. Agenda sesiunii a inclus subiecte precum: reforma sistemului de [&hellip;]<\/p>\n","protected":false},"author":2,"featured_media":0,"comment_status":"closed","ping_status":"open","sticky":false,"template":"","format":"standard","meta":{"ngg_post_thumbnail":0,"footnotes":""},"categories":[4],"tags":[],"class_list":["post-1085","post","type-post","status-publish","format-standard","hentry","category-onu"],"_links":{"self":[{"href":"https:\/\/sites.senat.ro\/index.php?rest_route=\/wp\/v2\/posts\/1085","targetHints":{"allow":["GET"]}}],"collection":[{"href":"https:\/\/sites.senat.ro\/index.php?rest_route=\/wp\/v2\/posts"}],"about":[{"href":"https:\/\/sites.senat.ro\/index.php?rest_route=\/wp\/v2\/types\/post"}],"author":[{"embeddable":true,"href":"https:\/\/sites.senat.ro\/index.php?rest_route=\/wp\/v2\/users\/2"}],"replies":[{"embeddable":true,"href":"https:\/\/sites.senat.ro\/index.php?rest_route=%2Fwp%2Fv2%2Fcomments&post=1085"}],"version-history":[{"count":0,"href":"https:\/\/sites.senat.ro\/index.php?rest_route=\/wp\/v2\/posts\/1085\/revisions"}],"wp:attachment":[{"href":"https:\/\/sites.senat.ro\/index.php?rest_route=%2Fwp%2Fv2%2Fmedia&parent=1085"}],"wp:term":[{"taxonomy":"category","embeddable":true,"href":"https:\/\/sites.senat.ro\/index.php?rest_route=%2Fwp%2Fv2%2Fcategories&post=1085"},{"taxonomy":"post_tag","embeddable":true,"href":"https:\/\/sites.senat.ro\/index.php?rest_route=%2Fwp%2Fv2%2Ftags&post=1085"}],"curies":[{"name":"wp","href":"https:\/\/api.w.org\/{rel}","templated":true}]}}