{"id":1077,"date":"2019-12-03T10:05:21","date_gmt":"2019-12-03T10:05:21","guid":{"rendered":"http:\/\/sites.senat.ro\/?p=1077"},"modified":"2019-12-23T09:04:52","modified_gmt":"2019-12-23T09:04:52","slug":"cea-de-a-43-a-sesiune-a-comitetului-patrimoniului-mondial-unesco-si-forumul-managerilor-de-situri-de-patrimoniu-mondial-unesco-baku-30-iunie-4-iulie-2019","status":"publish","type":"post","link":"https:\/\/sites.senat.ro\/?p=1077","title":{"rendered":"Cea de-a 43-a sesiune a Comitetului Patrimoniului Mondial UNESCO \u0219i Forumul Managerilor de Situri de Patrimoniu Mondial UNESCO (Baku, 30 iunie &#8211; 4  iulie 2019)"},"content":{"rendered":"\n<div class=\"wp-block-image\"><figure class=\"alignleft is-resized\"><img loading=\"lazy\" decoding=\"async\" src=\"https:\/\/sites.senat.ro\/wp-content\/uploads\/sites\/2\/2019\/12\/UNESCO.png\" alt=\"\" class=\"wp-image-1078\" width=\"169\" height=\"169\" srcset=\"https:\/\/sites.senat.ro\/wp-content\/uploads\/2019\/12\/UNESCO.png 225w, https:\/\/sites.senat.ro\/wp-content\/uploads\/2019\/12\/UNESCO-150x150.png 150w\" sizes=\"auto, (max-width: 169px) 100vw, 169px\" \/><\/figure><\/div>\n\n\n\n<p>Din partea Comisiei\npermanente comune a Camerei Deputa\u021bilor \u0219i Senatului pentru rela\u021bia cu\nUNESCO a participat o delega\u021bie condus\u0103 de dl deputat Ionel Pal\u0103r, pre\u0219edintele\nComisiei. Din delega\u021bie au f\u0103cut parte dnii senatori Alexandru Pere\u0219 \u0219i Cornel-Cristian Resmeri\u021b\u0103 \u0219i dnii deputa\u021bi\nLucian Simion \u0219i Sorin Laz\u0103r, membri ai\nComisiei. <\/p>\n\n\n\n<p>Sesiunea a prezentat un interes special pentru Rom\u00e2nia datorit\u0103\ndezbaterii mai multor dosare importante, printre care\u201dCet\u0103\u021bile dacice din\nMun\u021bii Or\u0103\u0219tiei\u201d \u0219i \u201dP\u0103durile seculare \u0219i virgine de fag din Carpa\u021bi \u0219i din\nalte regiuni ale Europei\u201d, sau a unor teme precum \u201d\u00cembun\u0103t\u0103\u021birea eficacit\u0103\u021bii\nmanagementului patrimoniului mondial\u201d. <\/p>\n","protected":false},"excerpt":{"rendered":"<p>Din partea Comisiei permanente comune a Camerei Deputa\u021bilor \u0219i Senatului pentru rela\u021bia cu UNESCO a participat o delega\u021bie condus\u0103 de dl deputat Ionel Pal\u0103r, pre\u0219edintele Comisiei. Din delega\u021bie au f\u0103cut parte dnii senatori Alexandru Pere\u0219 \u0219i Cornel-Cristian Resmeri\u021b\u0103 \u0219i dnii deputa\u021bi Lucian Simion \u0219i Sorin Laz\u0103r, membri ai Comisiei. Sesiunea a prezentat un interes special [&hellip;]<\/p>\n","protected":false},"author":2,"featured_media":0,"comment_status":"closed","ping_status":"open","sticky":false,"template":"","format":"standard","meta":{"ngg_post_thumbnail":0,"footnotes":""},"categories":[4],"tags":[],"class_list":["post-1077","post","type-post","status-publish","format-standard","hentry","category-onu"],"_links":{"self":[{"href":"https:\/\/sites.senat.ro\/index.php?rest_route=\/wp\/v2\/posts\/1077","targetHints":{"allow":["GET"]}}],"collection":[{"href":"https:\/\/sites.senat.ro\/index.php?rest_route=\/wp\/v2\/posts"}],"about":[{"href":"https:\/\/sites.senat.ro\/index.php?rest_route=\/wp\/v2\/types\/post"}],"author":[{"embeddable":true,"href":"https:\/\/sites.senat.ro\/index.php?rest_route=\/wp\/v2\/users\/2"}],"replies":[{"embeddable":true,"href":"https:\/\/sites.senat.ro\/index.php?rest_route=%2Fwp%2Fv2%2Fcomments&post=1077"}],"version-history":[{"count":0,"href":"https:\/\/sites.senat.ro\/index.php?rest_route=\/wp\/v2\/posts\/1077\/revisions"}],"wp:attachment":[{"href":"https:\/\/sites.senat.ro\/index.php?rest_route=%2Fwp%2Fv2%2Fmedia&parent=1077"}],"wp:term":[{"taxonomy":"category","embeddable":true,"href":"https:\/\/sites.senat.ro\/index.php?rest_route=%2Fwp%2Fv2%2Fcategories&post=1077"},{"taxonomy":"post_tag","embeddable":true,"href":"https:\/\/sites.senat.ro\/index.php?rest_route=%2Fwp%2Fv2%2Ftags&post=1077"}],"curies":[{"name":"wp","href":"https:\/\/api.w.org\/{rel}","templated":true}]}}