{"id":1069,"date":"2019-12-04T10:02:19","date_gmt":"2019-12-04T10:02:19","guid":{"rendered":"http:\/\/sites.senat.ro\/?p=1069"},"modified":"2019-12-23T09:06:50","modified_gmt":"2019-12-23T09:06:50","slug":"seminarul-parlamentar-international-privind-libertatea-mass-media-si-protectia-jurnalistilor-londra-9-11-septembrie-2019","status":"publish","type":"post","link":"https:\/\/sites.senat.ro\/?p=1069","title":{"rendered":"Seminarul parlamentar interna\u021bional privind libertatea mass-media  \u0219i protec\u021bia jurnali\u0219tilor (Londra, 9-11 septembrie  2019)"},"content":{"rendered":"\n<div class=\"wp-block-image\"><figure class=\"alignleft is-resized\"><img loading=\"lazy\" decoding=\"async\" src=\"https:\/\/sites.senat.ro\/wp-content\/uploads\/sites\/2\/2019\/12\/MF1-665x320.jpg\" alt=\"\" class=\"wp-image-1071\" width=\"226\" height=\"109\" srcset=\"https:\/\/sites.senat.ro\/wp-content\/uploads\/2019\/12\/MF1-665x320.jpg 665w, https:\/\/sites.senat.ro\/wp-content\/uploads\/2019\/12\/MF1-665x320-300x144.jpg 300w\" sizes=\"auto, (max-width: 226px) 100vw, 226px\" \/><\/figure><\/div>\n\n\n\n<p>Organizat de Grupului britanic al\nUniunii Interparlamentare (UIP), seminarul a avut ca scop identificarea m\u0103surilor\ncare pot fi \u00eentreprinse, la nivel parlamentar, pentru rezolvarea problemelor cu\ncare se confrunt\u0103 jurnali\u0219tii \u0219i industria media. <\/p>\n\n\n\n<p>La dezbateri au participat delega\u021bii parlamentare din 13\n\u021b\u0103ri, parlamentari ai \u021b\u0103rii gazd\u0103,&nbsp;\njurnali\u0219ti, reprezentan\u021bi ai mass media din Marea Britanie \u0219i exper\u021bi \u00een\ndomeniu.<\/p>\n\n\n\n<p>Delega\u021bia GRUI a fost format\u0103 din dl deputat Dumitru Oprea, vicepre\u0219edinte al Comitetului Director al GRUI, vicepre\u0219edinte al Comisiei pentru munc\u0103 \u015fi protec\u0163ie social\u0103, \u0219i dl deputat \u0218tefan-Ovidiu Popa, membru al Comisiei&nbsp; juridice, de disciplin\u0103 \u015fi imunit\u0103\u0163i.<\/p>\n\n\n\n<figure class=\"wp-block-image\"><img loading=\"lazy\" decoding=\"async\" width=\"800\" height=\"600\" src=\"https:\/\/sites.senat.ro\/wp-content\/uploads\/sites\/2\/2019\/12\/48820124123_bc005bc83d_c.jpg\" alt=\"\" class=\"wp-image-1070\" srcset=\"https:\/\/sites.senat.ro\/wp-content\/uploads\/2019\/12\/48820124123_bc005bc83d_c.jpg 800w, https:\/\/sites.senat.ro\/wp-content\/uploads\/2019\/12\/48820124123_bc005bc83d_c-300x225.jpg 300w, https:\/\/sites.senat.ro\/wp-content\/uploads\/2019\/12\/48820124123_bc005bc83d_c-768x576.jpg 768w, https:\/\/sites.senat.ro\/wp-content\/uploads\/2019\/12\/48820124123_bc005bc83d_c-732x549.jpg 732w\" sizes=\"auto, (max-width: 800px) 100vw, 800px\" \/><\/figure>\n\n\n\n<p>Lucr\u0103rile au debutat cu prezentarea <em>rezultatelor <\/em><a href=\"https:\/\/www.gov.uk\/government\/topical-events\/global-conference-for-media-freedom-london-2019\"><em>Conferin\u021bei globale\nprivind libertatea mass-media<\/em><\/a>, organizat\u0103 de\nministerul britanic al afacerilor externe \u00een luna iulie a.c., \u0219i au continuat\ncu o serie de sesiuni tematice care s-au axat pe:<em>cadrul juridic interna\u021bional\nprivind libertatea presei \u0219i protec\u021bia jurnali\u0219tilor; men\u021binerea\nsustenabilit\u0103\u021bii mass-media; ini\u021biative regionale de contracarare a limit\u0103rii\nlibert\u0103\u021bii mass-media; eliminarea impunit\u0103\u021bii \u00een cazul celor care \u00eencalc\u0103\ndrepturile jurnali\u0219tilor; construirea \u00eencrederii \u00een mass-media.<\/em> <\/p>\n\n\n\n<p>Prin intermediul <a href=\"https:\/\/www.bgipu.org\/media_manager\/public\/155\/Media%20Freedom%20Report%20Final.pdf\">documentului final<\/a> al seminarului, participan\u021bii au subliniat nevoia unei implic\u0103ri mai\nsubstan\u021biale a parlamentelor, inclusiv cu sprijinul UIP, \u00een solu\u021bionarea\nproblemelor care privesc libertatea \u0219i protec\u021bia presei, \u0219i s-au angajat s\u0103 sus\u021bin\u0103\nintensificarea cooper\u0103rii interna\u021bionale pentru ap\u0103rarea mass media, astfel\n\u00eenc\u00e2t activitatea jurnalistic\u0103 s\u0103 se desf\u0103\u0219oare cu respectarea drepturilor\nomului \u0219i \u00een sprijinul democra\u021biei. <\/p>\n","protected":false},"excerpt":{"rendered":"<p>Organizat de Grupului britanic al Uniunii Interparlamentare (UIP), seminarul a avut ca scop identificarea m\u0103surilor care pot fi \u00eentreprinse, la nivel parlamentar, pentru rezolvarea problemelor cu care se confrunt\u0103 jurnali\u0219tii \u0219i industria media. La dezbateri au participat delega\u021bii parlamentare din 13 \u021b\u0103ri, parlamentari ai \u021b\u0103rii gazd\u0103,&nbsp; jurnali\u0219ti, reprezentan\u021bi ai mass media din Marea Britanie \u0219i [&hellip;]<\/p>\n","protected":false},"author":2,"featured_media":0,"comment_status":"closed","ping_status":"open","sticky":false,"template":"","format":"standard","meta":{"ngg_post_thumbnail":0,"footnotes":""},"categories":[3],"tags":[],"class_list":["post-1069","post","type-post","status-publish","format-standard","hentry","category-participare"],"_links":{"self":[{"href":"https:\/\/sites.senat.ro\/index.php?rest_route=\/wp\/v2\/posts\/1069","targetHints":{"allow":["GET"]}}],"collection":[{"href":"https:\/\/sites.senat.ro\/index.php?rest_route=\/wp\/v2\/posts"}],"about":[{"href":"https:\/\/sites.senat.ro\/index.php?rest_route=\/wp\/v2\/types\/post"}],"author":[{"embeddable":true,"href":"https:\/\/sites.senat.ro\/index.php?rest_route=\/wp\/v2\/users\/2"}],"replies":[{"embeddable":true,"href":"https:\/\/sites.senat.ro\/index.php?rest_route=%2Fwp%2Fv2%2Fcomments&post=1069"}],"version-history":[{"count":0,"href":"https:\/\/sites.senat.ro\/index.php?rest_route=\/wp\/v2\/posts\/1069\/revisions"}],"wp:attachment":[{"href":"https:\/\/sites.senat.ro\/index.php?rest_route=%2Fwp%2Fv2%2Fmedia&parent=1069"}],"wp:term":[{"taxonomy":"category","embeddable":true,"href":"https:\/\/sites.senat.ro\/index.php?rest_route=%2Fwp%2Fv2%2Fcategories&post=1069"},{"taxonomy":"post_tag","embeddable":true,"href":"https:\/\/sites.senat.ro\/index.php?rest_route=%2Fwp%2Fv2%2Ftags&post=1069"}],"curies":[{"name":"wp","href":"https:\/\/api.w.org\/{rel}","templated":true}]}}