{"id":1052,"date":"2019-12-04T13:09:49","date_gmt":"2019-12-04T13:09:49","guid":{"rendered":"http:\/\/sites.senat.ro\/?p=1052"},"modified":"2019-12-23T09:06:01","modified_gmt":"2019-12-23T09:06:01","slug":"cea-de-a-sasea-conferinta-mondiala-a-tinerilor-parlamentari-asuncion-paraguay-9-10-septembrie-2019","status":"publish","type":"post","link":"https:\/\/sites.senat.ro\/?p=1052","title":{"rendered":"Cea de-a \u0219asea Conferin\u021b\u0103 Mondial\u0103 a Tinerilor Parlamentari (Asuncion, Paraguay, 9-10 septembrie 2019)"},"content":{"rendered":"\n<div class=\"wp-block-image\"><figure class=\"alignleft is-resized\"><img loading=\"lazy\" decoding=\"async\" src=\"https:\/\/sites.senat.ro\/wp-content\/uploads\/sites\/2\/2019\/12\/48704330857_5706ba07da_c.jpg\" alt=\"\" class=\"wp-image-1054\" width=\"184\" height=\"103\" srcset=\"https:\/\/sites.senat.ro\/wp-content\/uploads\/2019\/12\/48704330857_5706ba07da_c.jpg 400w, https:\/\/sites.senat.ro\/wp-content\/uploads\/2019\/12\/48704330857_5706ba07da_c-300x168.jpg 300w\" sizes=\"auto, (max-width: 184px) 100vw, 184px\" \/><\/figure><\/div>\n\n\n\n<p>Tema conferin\u021bei organizate de UIP \u015fi Congresul Na\u021bional (parlamentul) al Republicii Paraguay s-a intitulat <em>Realizarea Obiectivelor de Dezvoltare Durabil\u0103\n\u0219i consolidarea statutului tinerilor prin cre\u0219terea bun\u0103st\u0103rii<\/em>. <\/p>\n\n\n\n<p>Evenimentul a reunit 100 de tineri parlamentari din diferite \u021b\u0103ri ale lumii.\nGRUI a fost reprezentat de dna deputat Viorela Ionela Dobric\u0103, vicepre\u0219edinte\nal Comisiei pentru tehnologia informa\u0163iei \u015fi comunica\u0163iilor, secretar al\nComisiei pentru transporturi \u015fi infrastructur\u0103, \u0219i dl deputat Glad-Aurel Varga,\nmembru al Comisiei pentru mediu \u0219i echilibru ecologic.&nbsp; <\/p>\n\n\n\n<figure class=\"wp-block-image is-resized\"><img loading=\"lazy\" decoding=\"async\" src=\"https:\/\/sites.senat.ro\/wp-content\/uploads\/sites\/2\/2019\/12\/48780241663_58fc9dccf2_z-1.jpg\" alt=\"\" class=\"wp-image-1061\" width=\"558\" height=\"370\" srcset=\"https:\/\/sites.senat.ro\/wp-content\/uploads\/2019\/12\/48780241663_58fc9dccf2_z-1.jpg 320w, https:\/\/sites.senat.ro\/wp-content\/uploads\/2019\/12\/48780241663_58fc9dccf2_z-1-300x199.jpg 300w\" sizes=\"auto, (max-width: 558px) 100vw, 558px\" \/><\/figure>\n\n\n\n<p>Lucr\u0103rile s-au desf\u0103\u0219urat sub forma unor sesiuni plenare \u00een\ncare au fost abordate urm\u0103toarele subiecte: <em>bun\u0103starea\n\u0219i fericirea, elemente fundamentale ale ODD; elaborarea politicilor \u00een\nsprijinul bun\u0103st\u0103rii \u0219i impactul bun\u0103st\u0103rii \u0219i fericirii asupra consolid\u0103rii\nstatutului tinerilor &#8211; studii de caz; m\u0103surarea bun\u0103st\u0103rii \u0219i fericirii \u0219i\nsupravegherea punerii \u00een aplicare a politicilor \u00een sprijinul bun\u0103st\u0103rii. <\/em><\/p>\n\n\n\n<p>Participan\u021bii au f\u0103cut un schimb de experien\u021be \u0219i bune\npractici na\u021bionale privind politicile, ac\u021biunile, mecanismele \u0219i m\u0103surile adoptate\n\u00een sprijinul bun\u0103st\u0103rii \u0219i au analizat modul \u00een care acestea contribuie la\nconsolidarea statutului tinerilor. Pe parcursul evenimentului au fost\norganizate sesiuni de mentorat, de formare a abilit\u0103\u021bilor de conducere \u0219i de comunicare\npentru tinerii parlamentari, precum \u0219i manifest\u0103ri dedicate celei de-a 130-a\nanivers\u0103ri a UIP. <\/p>\n\n\n\n<p>Tinerii parlamentari reuni\u021bi la Asunci\u00f3n au solicitat, \u00een\nmod explicit, integrarea, \u00een politicile publice, a fericirii \u0219i bun\u0103st\u0103rii. <a href=\"..\/..\/Downloads\/Outcome%20Document-Asuncion-rev-e-final_0%20(2).pdf\">Documentul final<\/a>, care con\u021bine recomand\u0103ri\n\u00een aten\u021bia parlamentelor, eviden\u021biaz\u0103 \u0219i faptul c\u0103 succesul unei \u021b\u0103ri nu poate\nfi evaluat doar prin nivelul cre\u0219terii economice; factori precum egalitatea de\ngen, nivelul educa\u021biei \u0219i \u00eemplinirea emo\u021bional\u0103, sunt, \u00een egal\u0103 m\u0103sur\u0103,\nimportan\u021bi. <\/p>\n","protected":false},"excerpt":{"rendered":"<p>Tema conferin\u021bei organizate de UIP \u015fi Congresul Na\u021bional (parlamentul) al Republicii Paraguay s-a intitulat Realizarea Obiectivelor de Dezvoltare Durabil\u0103 \u0219i consolidarea statutului tinerilor prin cre\u0219terea bun\u0103st\u0103rii. Evenimentul a reunit 100 de tineri parlamentari din diferite \u021b\u0103ri ale lumii. GRUI a fost reprezentat de dna deputat Viorela Ionela Dobric\u0103, vicepre\u0219edinte al Comisiei pentru tehnologia informa\u0163iei \u015fi [&hellip;]<\/p>\n","protected":false},"author":2,"featured_media":0,"comment_status":"closed","ping_status":"open","sticky":false,"template":"","format":"standard","meta":{"ngg_post_thumbnail":0,"footnotes":""},"categories":[3],"tags":[],"class_list":["post-1052","post","type-post","status-publish","format-standard","hentry","category-participare"],"_links":{"self":[{"href":"https:\/\/sites.senat.ro\/index.php?rest_route=\/wp\/v2\/posts\/1052","targetHints":{"allow":["GET"]}}],"collection":[{"href":"https:\/\/sites.senat.ro\/index.php?rest_route=\/wp\/v2\/posts"}],"about":[{"href":"https:\/\/sites.senat.ro\/index.php?rest_route=\/wp\/v2\/types\/post"}],"author":[{"embeddable":true,"href":"https:\/\/sites.senat.ro\/index.php?rest_route=\/wp\/v2\/users\/2"}],"replies":[{"embeddable":true,"href":"https:\/\/sites.senat.ro\/index.php?rest_route=%2Fwp%2Fv2%2Fcomments&post=1052"}],"version-history":[{"count":0,"href":"https:\/\/sites.senat.ro\/index.php?rest_route=\/wp\/v2\/posts\/1052\/revisions"}],"wp:attachment":[{"href":"https:\/\/sites.senat.ro\/index.php?rest_route=%2Fwp%2Fv2%2Fmedia&parent=1052"}],"wp:term":[{"taxonomy":"category","embeddable":true,"href":"https:\/\/sites.senat.ro\/index.php?rest_route=%2Fwp%2Fv2%2Fcategories&post=1052"},{"taxonomy":"post_tag","embeddable":true,"href":"https:\/\/sites.senat.ro\/index.php?rest_route=%2Fwp%2Fv2%2Ftags&post=1052"}],"curies":[{"name":"wp","href":"https:\/\/api.w.org\/{rel}","templated":true}]}}