{"id":1045,"date":"2019-12-04T12:04:44","date_gmt":"2019-12-04T12:04:44","guid":{"rendered":"http:\/\/sites.senat.ro\/?p=1045"},"modified":"2019-12-23T09:28:54","modified_gmt":"2019-12-23T09:28:54","slug":"vizita-oficiala-in-franta-a-delegatiei-grupului-parlamentar-de-prietenie-romania-franta-din-senatul-romaniei-24-26-septembrie-2019","status":"publish","type":"post","link":"https:\/\/sites.senat.ro\/?p=1045","title":{"rendered":"Vizita oficial\u0103 \u00een Fran\u021ba a delega\u021biei Grupului parlamentar de prietenie Rom\u00e2nia &#8211; Fran\u021ba din Senatul Rom\u00e2niei (24-26 septembrie 2019)"},"content":{"rendered":"\n<p>Din delega\u021bia condus\u0103 de dl senator Titus\nCorl\u0103\u021bean, vicepre\u0219edinte al Senatului, pre\u0219edintele Grupului de prietenie Rom\u00e2nia-Fran\u021ba\n(Senat), au f\u0103cut parte dnii senatori C\u0103t\u0103lin Dumitru Toma \u0219i Ioan Simonca,\nmembri ai Grupului. <\/p>\n\n\n\n<p>Programul vizitei a inclus \u00eentrevederi oficiale la sediul Senatului Republicii Franceze cu: &nbsp;dl Philippe Dallier, vicepre\u015fedinte al Senatului; dl senator Bernard Fournier \u0219i dl deputat Andr\u00e9 Chassaigne, pre\u015fedin\u021bii Grupurilor de prietenie cu Rom\u00e2nia din Senatul, respectiv, Adunarea Na\u0163ional\u0103 din Fran\u021ba, \u015fi cu membrii celor dou\u0103 grupuri; dl Christian Cambon, pre\u015fedintele Comisiei pentru afaceri externe, ap\u0103rare \u0219i for\u021be armate; dl Jean Bizet, pre\u0219edintele Comisiei pentru afaceri europene. Senatorii rom\u00e2ni au avut \u0219i o \u00eentrevedere cu dl Marc Fesneau, ministru \u00eens\u0103rcinat cu rela\u021biile cu Parlamentul.<\/p>\n\n\n\n<figure class=\"wp-block-image\"><img loading=\"lazy\" decoding=\"async\" width=\"1024\" height=\"768\" src=\"https:\/\/sites.senat.ro\/wp-content\/uploads\/sites\/2\/2019\/12\/unnamed-2-1024x768.jpg\" alt=\"\" class=\"wp-image-1048\" srcset=\"https:\/\/sites.senat.ro\/wp-content\/uploads\/2019\/12\/unnamed-2-1024x768.jpg 1024w, https:\/\/sites.senat.ro\/wp-content\/uploads\/2019\/12\/unnamed-2-300x225.jpg 300w, https:\/\/sites.senat.ro\/wp-content\/uploads\/2019\/12\/unnamed-2-768x576.jpg 768w, https:\/\/sites.senat.ro\/wp-content\/uploads\/2019\/12\/unnamed-2-732x549.jpg 732w, https:\/\/sites.senat.ro\/wp-content\/uploads\/2019\/12\/unnamed-2-1140x855.jpg 1140w\" sizes=\"auto, (max-width: 1024px) 100vw, 1024px\" \/><\/figure>\n\n\n\n<p>\u00cen\ncadrul discu\u021biilor au fost abordate temele prioritare ale cooper\u0103rii bilaterale rom\u00e2no-franceze \u0219i subiecte de interes\ncomun ale agendei europene \u0219i interna\u021bionale.<\/p>\n\n\n\n<p>Cu ocazia deplas\u0103rii \u00een ora\u0219ul Rueil Malmaison, \u00eenfr\u0103\u021bit cu Timi\u0219oara, delega\u021bia a avut convorbiri cu dl Patrick Ollier, primarul ora\u015fului, \u0219i a vizitat o serie de obiective de interes cultural. <\/p>\n\n\n\n<figure class=\"wp-block-image\"><img loading=\"lazy\" decoding=\"async\" width=\"1024\" height=\"768\" src=\"https:\/\/sites.senat.ro\/wp-content\/uploads\/sites\/2\/2019\/12\/unnamed-3-1024x768.jpg\" alt=\"\" class=\"wp-image-1049\" srcset=\"https:\/\/sites.senat.ro\/wp-content\/uploads\/2019\/12\/unnamed-3-1024x768.jpg 1024w, https:\/\/sites.senat.ro\/wp-content\/uploads\/2019\/12\/unnamed-3-300x225.jpg 300w, https:\/\/sites.senat.ro\/wp-content\/uploads\/2019\/12\/unnamed-3-768x576.jpg 768w, https:\/\/sites.senat.ro\/wp-content\/uploads\/2019\/12\/unnamed-3-732x549.jpg 732w, https:\/\/sites.senat.ro\/wp-content\/uploads\/2019\/12\/unnamed-3-1140x855.jpg 1140w\" sizes=\"auto, (max-width: 1024px) 100vw, 1024px\" \/><\/figure>\n","protected":false},"excerpt":{"rendered":"<p>Din delega\u021bia condus\u0103 de dl senator Titus Corl\u0103\u021bean, vicepre\u0219edinte al Senatului, pre\u0219edintele Grupului de prietenie Rom\u00e2nia-Fran\u021ba (Senat), au f\u0103cut parte dnii senatori C\u0103t\u0103lin Dumitru Toma \u0219i Ioan Simonca, membri ai Grupului. Programul vizitei a inclus \u00eentrevederi oficiale la sediul Senatului Republicii Franceze cu: &nbsp;dl Philippe Dallier, vicepre\u015fedinte al Senatului; dl senator Bernard Fournier \u0219i dl [&hellip;]<\/p>\n","protected":false},"author":2,"featured_media":0,"comment_status":"closed","ping_status":"open","sticky":false,"template":"","format":"standard","meta":{"ngg_post_thumbnail":0,"footnotes":""},"categories":[1,7],"tags":[],"class_list":["post-1045","post","type-post","status-publish","format-standard","hentry","category-prietenie","category-viziteoficiale"],"_links":{"self":[{"href":"https:\/\/sites.senat.ro\/index.php?rest_route=\/wp\/v2\/posts\/1045","targetHints":{"allow":["GET"]}}],"collection":[{"href":"https:\/\/sites.senat.ro\/index.php?rest_route=\/wp\/v2\/posts"}],"about":[{"href":"https:\/\/sites.senat.ro\/index.php?rest_route=\/wp\/v2\/types\/post"}],"author":[{"embeddable":true,"href":"https:\/\/sites.senat.ro\/index.php?rest_route=\/wp\/v2\/users\/2"}],"replies":[{"embeddable":true,"href":"https:\/\/sites.senat.ro\/index.php?rest_route=%2Fwp%2Fv2%2Fcomments&post=1045"}],"version-history":[{"count":0,"href":"https:\/\/sites.senat.ro\/index.php?rest_route=\/wp\/v2\/posts\/1045\/revisions"}],"wp:attachment":[{"href":"https:\/\/sites.senat.ro\/index.php?rest_route=%2Fwp%2Fv2%2Fmedia&parent=1045"}],"wp:term":[{"taxonomy":"category","embeddable":true,"href":"https:\/\/sites.senat.ro\/index.php?rest_route=%2Fwp%2Fv2%2Fcategories&post=1045"},{"taxonomy":"post_tag","embeddable":true,"href":"https:\/\/sites.senat.ro\/index.php?rest_route=%2Fwp%2Fv2%2Ftags&post=1045"}],"curies":[{"name":"wp","href":"https:\/\/api.w.org\/{rel}","templated":true}]}}