{"id":1015,"date":"2019-12-05T09:36:32","date_gmt":"2019-12-05T09:36:32","guid":{"rendered":"http:\/\/sites.senat.ro\/?p=1015"},"modified":"2019-12-23T09:09:26","modified_gmt":"2019-12-23T09:09:26","slug":"cea-de-a-141-a-adunare-a-uip-si-reuniunile-asociate-belgrad-12-17-octombrie-2019","status":"publish","type":"post","link":"https:\/\/sites.senat.ro\/?p=1015","title":{"rendered":"Cea de-a 141-a Adunare a UIP \u0219i reuniunile asociate (Belgrad, 12-17 octombrie 2019)"},"content":{"rendered":"\n<div class=\"wp-block-image\"><figure class=\"alignleft\"><img loading=\"lazy\" decoding=\"async\" width=\"100\" height=\"166\" src=\"https:\/\/sites.senat.ro\/wp-content\/uploads\/sites\/2\/2019\/12\/141_IPU_logo_header.png\" alt=\"\" class=\"wp-image-1016\" \/><\/figure><\/div>\n\n\n\n<p>La sesiune au participat delega\u021bii parlamentare din 149 de \u021b\u0103ri\nmembre ale UIP. Din cei aproximativ 750 de parlamentari prezen\u021bi, 63 au fost pre\u0219edin\u021bi\n\u0219i 57 vicepre\u0219edin\u021bi de parlamente. <\/p>\n\n\n\n<p>Din delega\u021bia Rom\u00e2niei, condus\u0103 de dna senator Silvia-Monica Dinic\u0103, au f\u0103cut parte dnii deputa\u021bi Dumitru Gherman, Florin Popa, Andrei Daniel Gheorghe \u0219i Slavoliub Adnagi.<\/p>\n\n\n\n<figure class=\"wp-block-image is-resized\"><img loading=\"lazy\" decoding=\"async\" src=\"https:\/\/sites.senat.ro\/wp-content\/uploads\/sites\/2\/2019\/12\/4-1024x576.jpg\" alt=\"\" class=\"wp-image-1030\" width=\"549\" height=\"309\" srcset=\"https:\/\/sites.senat.ro\/wp-content\/uploads\/2019\/12\/4-1024x576.jpg 1024w, https:\/\/sites.senat.ro\/wp-content\/uploads\/2019\/12\/4-300x169.jpg 300w, https:\/\/sites.senat.ro\/wp-content\/uploads\/2019\/12\/4-768x432.jpg 768w, https:\/\/sites.senat.ro\/wp-content\/uploads\/2019\/12\/4-732x412.jpg 732w, https:\/\/sites.senat.ro\/wp-content\/uploads\/2019\/12\/4-1140x641.jpg 1140w, https:\/\/sites.senat.ro\/wp-content\/uploads\/2019\/12\/4.jpg 2016w\" sizes=\"auto, (max-width: 549px) 100vw, 549px\" \/><\/figure>\n\n\n\n<p>\u00cen plenul <a href=\"https:\/\/www.ipu.org\/file\/7443\/download\"><strong>Adun\u0103rii<\/strong><\/a>, participan\u0163ii au adoptat: <a href=\"https:\/\/www.ipu.org\/file\/8196\/download\"><em>Declara\u021bia de la Belgrad<\/em><\/a>, care sintetizeaz\u0103 principalele\nconcluzii ale dezbaterii generale cu tema <em>Consolidarea\ndreptului interna\u021bional: roluri \u0219i mecanisme parlamentare \u0219i contribu\u021bia\ncooper\u0103rii regionale; <\/em><a href=\"https:\/\/www.ipu.org\/file\/8198\/download\"><em>Declara\u021bia privind cea de-a 30-a Aniversare a Conven\u021biei privind drepturile\ncopilului<\/em><\/a><em>; <\/em>rezolu\u021bia privind\npunctul de urgen\u021b\u0103 intitulat\u0103 <a href=\"https:\/\/www.ipu.org\/file\/8202\/download\"><em>Combaterea schimb\u0103rilor climatice<\/em><\/a><em>; <\/em>rezolu\u021bia cu tema <a href=\"https:\/\/www.ipu.org\/file\/8200\/download\"><em>Realizarea acoperirii universale cu servicii de s\u0103n\u0103tate\np\u00e2n\u0103 \u00een 2030 &#8211; rolul parlamentelor \u00een asigurarea dreptului la s\u0103n\u0103tate<\/em><\/a>. <\/p>\n\n\n\n<div class=\"wp-block-image\"><figure class=\"alignleft is-resized\"><img loading=\"lazy\" decoding=\"async\" src=\"https:\/\/sites.senat.ro\/wp-content\/uploads\/sites\/2\/2019\/12\/Foto1.jpg\" alt=\"\" class=\"wp-image-1035\" width=\"276\" height=\"368\" srcset=\"https:\/\/sites.senat.ro\/wp-content\/uploads\/2019\/12\/Foto1.jpg 756w, https:\/\/sites.senat.ro\/wp-content\/uploads\/2019\/12\/Foto1-225x300.jpg 225w, https:\/\/sites.senat.ro\/wp-content\/uploads\/2019\/12\/Foto1-732x976.jpg 732w\" sizes=\"auto, (max-width: 276px) 100vw, 276px\" \/><\/figure><\/div>\n\n\n\n<p>\u00cen discursul s\u0103u cu\nocazia dezbaterii generale, dna senator Silvia-Monica Dinic\u0103: <em>a subliniat<\/em> c\u0103 principiul preeminen\u021bei\ndreptului \u00een rela\u021biile interna\u021bionale este un element esen\u021bial al politicii\nexterne a Rom\u00e2niei \u0219i o valoare \u00een sine, pe care forul legislativ rom\u00e2n o\npromoveaz\u0103 cu responsabilitate; <em>a eviden\u021biat<\/em>\nrolul Senatului de camer\u0103 decizional\u0103 pentru proiectele de lege privind\nratificarea tratatelor \u0219i acordurilor interna\u021bionale, acceptarea de c\u0103tre\nRom\u00e2nia, prin lege, a jurisdic\u021biei obligatorii a Cur\u021bii Interna\u021bionale de\nJusti\u021bie, precum \u0219i mecanismele prin care forul legislativ rom\u00e2n contribuie la\nconsolidarea principiilor \u0219i normelor de drept interna\u021bional. \u00cen contextul\nmarc\u0103rii, \u00een 2019, a 130 de ani de la crearea UIP, dna senator a amintit c\u0103\nRom\u00e2nia particip\u0103 la activit\u0103\u021bile Uniunii \u00eenc\u0103 din 1891 \u0219i a subliniat c\u0103\naceast\u0103 aniversare ofer\u0103 parlamentelor ocazia de a privi cu ambi\u021bie spre viitor\n\u0219i de a decide calea de urmat pentru consolidarea profilului UIP de for\u021b\u0103\nmotrice a democra\u021biei parlamentare \u0219i a dezvolt\u0103rii durabile la scar\u0103 global\u0103.<\/p>\n\n\n\n<div class=\"wp-block-image\"><figure class=\"alignleft is-resized\"><img loading=\"lazy\" decoding=\"async\" src=\"https:\/\/sites.senat.ro\/wp-content\/uploads\/sites\/2\/2019\/12\/2-2-576x1024.jpg\" alt=\"\" class=\"wp-image-1036\" width=\"278\" height=\"494\" srcset=\"https:\/\/sites.senat.ro\/wp-content\/uploads\/2019\/12\/2-2-576x1024.jpg 576w, https:\/\/sites.senat.ro\/wp-content\/uploads\/2019\/12\/2-2-169x300.jpg 169w, https:\/\/sites.senat.ro\/wp-content\/uploads\/2019\/12\/2-2-768x1365.jpg 768w, https:\/\/sites.senat.ro\/wp-content\/uploads\/2019\/12\/2-2-732x1301.jpg 732w, https:\/\/sites.senat.ro\/wp-content\/uploads\/2019\/12\/2-2-1140x2027.jpg 1140w\" sizes=\"auto, (max-width: 278px) 100vw, 278px\" \/><\/figure><\/div>\n\n\n\n<p>La r\u00e2ndul s\u0103u, dl deputat Andrei Daniel Gheorghe: <em>a subliniat<\/em> importan\u021ba crucial\u0103 a dreptului\ninterna\u021bional, ca element fundamental al rela\u021biilor interna\u021bionale, ar\u0103t\u00e2nd ca promovarea\nacestuia este o sarcin\u0103 ce revine tuturor actorilor statului; <em>a precizat<\/em> c\u0103 Rom\u00e2nia a sus\u021binut\n\u00eentotdeauna cooperarea regional\u0103 menit\u0103 s\u0103 contribuie la consolidarea\nclimatului de securitate \u0219i stabilitate pe continentul european; <em>a ar\u0103tat<\/em> c\u0103 suprema\u021bia legii \u00een\nrela\u021biile interna\u021bionale este o valoare asumat\u0103 de Parlamentul Rom\u00e2niei, demonstrat\u0103\n\u00een cadrul dialogului interinstitu\u021bional pe probleme de politic\u0103 extern\u0103, precum\n\u0219i \u00een formatele interna\u021bionale de cooperare parlamentar\u0103 \u00een plan bi- \u0219i\nmultilateral.<\/p>\n\n\n\n<p><a href=\"https:\/\/www.ipu.org\/file\/8043\/download\"><strong>Consiliul\nDirector<\/strong><\/a> a\nexaminat \u0219i, dup\u0103 caz, a aprobat: rapoartele de activitate ale pre\u0219edintelui \u0219i\nsecretarului general ai UIP; rezultatele celor mai recente reuniuni\nspecializate ale UIP \u0219i calendarul reuniunilor viitoare; rapoartele organelor\nspecializate ale UIP cu privire la activit\u0103\u021bile desf\u0103\u0219urate pe parcursul\nsesiunii; rapoartele de activitate ale membrilor UIP; situa\u021bia financiar\u0103 \u0219i\nbugetul UIP pentru 2020. <\/p>\n\n\n\n<p>Totodat\u0103, Consiliul: a\naprobat aderarea UIP la mi\u0219carea organiza\u021biilor multilaterale care sus\u021bin\nacoperirea universal\u0103 cu servicii de s\u0103n\u0103tate (CSU2030); a decis modificarea\nstatutului Adun\u0103rii Parlamentare a Francofoniei la UIP, din cel de observator\npermanent \u00een cel de membru asociat; a aprobat \u00eenfiin\u021barea Grupului de lucru al\nUIP pentru \u0219tiin\u021b\u0103 \u0219i tehnologie;&nbsp; urm\u00e2nd\nca modalit\u0103\u021bile de lucru \u0219i activit\u0103\u021bile acestuia s\u0103 fie stabilite ulterior;\nl-a mandatat pe secretarul general al UIP s\u0103 realizeze o evaluare global\u0103 a\nparteneriatului strategic dintre UIP \u0219i ONU, printr-un proces incluziv, bazat\npe consult\u0103ri cu membrii UIP \u0219i cu reprezentan\u021bii ONU.<\/p>\n\n\n\n<p><a href=\"https:\/\/www.ipu.org\/file\/7431\/download\"><strong>Comisia\npentru pace \u0219i securitate interna\u021bional\u0103<\/strong><\/a><strong> <\/strong>a analizat<strong> <\/strong>ac\u021biunile \u00eentreprinse\nde parlamente pentru implementarea rezolu\u021biei UIP din 2014 cu tema <em>C\u0103tre o lume f\u0103r\u0103 arme nucleare: contribu\u021bia\nparlamentelor. <\/em><\/p>\n\n\n\n<figure class=\"wp-block-image\"><img loading=\"lazy\" decoding=\"async\" width=\"1024\" height=\"576\" src=\"https:\/\/sites.senat.ro\/wp-content\/uploads\/sites\/2\/2019\/12\/5-1-1024x576.jpg\" alt=\"\" class=\"wp-image-1037\" srcset=\"https:\/\/sites.senat.ro\/wp-content\/uploads\/2019\/12\/5-1-1024x576.jpg 1024w, https:\/\/sites.senat.ro\/wp-content\/uploads\/2019\/12\/5-1-300x169.jpg 300w, https:\/\/sites.senat.ro\/wp-content\/uploads\/2019\/12\/5-1-768x432.jpg 768w, https:\/\/sites.senat.ro\/wp-content\/uploads\/2019\/12\/5-1-732x412.jpg 732w, https:\/\/sites.senat.ro\/wp-content\/uploads\/2019\/12\/5-1-1140x641.jpg 1140w, https:\/\/sites.senat.ro\/wp-content\/uploads\/2019\/12\/5-1.jpg 2016w\" sizes=\"auto, (max-width: 1024px) 100vw, 1024px\" \/><\/figure>\n\n\n\n<p>\u00cen interven\u021bia sa, dl\ndeputat Andrei Daniel Gheorghe: <em>a\nreiterat<\/em> importan\u021ba colabor\u0103rii multilaterale pentru realizarea dezarm\u0103rii\nnucleare \u0219i asigurarea p\u0103cii \u0219i securit\u0103\u021bii la nivel global; <em>a subliniat<\/em> c\u0103 Rom\u00e2nia \u00ee\u0219i asum\u0103\nangajamentul referitor la dezarmarea \u0219i neproliferarea multilateral\u0103, neproliferarea\narmelor nucleare reprezent\u00e2nd, \u00een continuare, o prioritate strategic\u0103 a\nsecurit\u0103\u021bii globale; <em>a precizat<\/em> c\u0103 statele\ntrebuie s\u0103-\u0219i consolideze cooperarea \u021bin\u00e2nd seama de mediul interna\u021bional al\nsecurit\u0103\u021bii, care contureaz\u0103 o politic\u0103 militar\u0103 global\u0103; <em>a subliniat <\/em>c\u0103 Tratatul de Neproliferare a Armelor Nucleare (NPT)\nar trebui s\u0103 reprezinte \u00een continuare elementul central al eforturilor\nsus\u021binute pentru o lume f\u0103r\u0103 arme nucleare, iar cerin\u021bele de dezarmare ar\ntrebui s\u0103 se manifeste colectiv, pas cu pas, \u00een func\u021bie de provoc\u0103rile de securitate;\n<em>a men\u021bionat<\/em> c\u0103 parlamentarii au rolul\nde liant al na\u021biunilor; ei trebuie s\u0103 pun\u0103 presiune asupra guvernelor pentru\nimplementarea Tratatului \u0219i s\u0103 dea voce unui mesaj global \u00een favoarea dezarm\u0103rii.&nbsp; <\/p>\n\n\n\n<p>Agenda comisiei a\ninclus \u0219i dezbateri pe tema <em>Incriminarea\nsp\u0103l\u0103rii banilor<\/em>, precum \u0219i un schimb de informa\u021bii\n\u0219i bune practici na\u021bionale \u00een preg\u0103tirea viitoarei rezolu\u021bii intitulat\u0103 <em>Strategii parlamentare pentru consolidarea\np\u0103cii \u0219i securit\u0103\u021bii \u00een fa\u021ba amenin\u021b\u0103rilor \u0219i conflictelor generate de schimb\u0103rile\nclimatice.<\/em><\/p>\n\n\n\n<p>\u00cen cadrul <a href=\"https:\/\/www.ipu.org\/file\/7389\/download\"><strong>Comisiei<\/strong> <strong>pentru dezvoltare durabil\u0103, finan\u021be \u0219i comer\u021b<\/strong><\/a> a avut\nloc un schimb de opinii \u0219i informa\u021bii pe tema viitoarei rezolu\u021bii a comisiei &#8211; <em>Promovarea digitaliz\u0103rii \u0219i\neconomiei circulare pentru realizarea Obiectivelor Dezvolt\u0103rii Durabile, cu\nprec\u0103dere consumul \u0219i produc\u021bia responsabile. <\/em>Dna\nsenator Silvia-Monica Dinic\u0103, \u00een calitate de\nco-raportor: <em>a eviden\u021biat<\/em> importan\u021ba\nschimbului de bune practici parlamentare privind digitalizarea \u0219i economia circular\u0103;\n<em>a subliniat c\u0103<\/em>, \u00een activitatea lor,\nco-raportorii vor \u00eencerca s\u0103 eviden\u021bieze interconexiunile dintre digitalizare\n\u0219i principiile circularit\u0103\u021bii \u0219i modul \u00een care pot interveni parlamentele\npentru a le valorifica c\u00e2t mai bine \u00een sprijinul dezvolt\u0103rii durabile. <\/p>\n\n\n\n<p>Programul de lucru a mai inclus: o dezbatere privind <em>contribu\u021bia parlamentar\u0103 la cea de-a 25-a\nConferin\u021b\u0103 a Na\u021biunilor Unite privind schimb\u0103rile climatice<\/em> (COP25); un\npanel dedicat m\u0103surilor \u00eentreprinse de parlamente pentru transpunerea \u00een practic\u0103\na rezolu\u021biei UIP <em>Promovarea unei dezvolt\u0103ri care\ns\u0103 fac\u0103 fa\u0163\u0103 riscurilor: evolu\u0163ii demografice \u015fi constr\u00e2ngeri de mediu <\/em>(2014).<\/p>\n\n\n\n<p style=\"text-align:center\">***<\/p>\n\n\n\n<p>\u00cen calitatea de membr\u0103 a <strong>Biroului Comisiei pentru dezvoltare\ndurabil\u0103, finan\u021be \u0219i comer\u021b<\/strong>, dna senator Silvia-Monica Dinic\u0103: <em>a prezentat<\/em> opiniile sale (asumate \u00een\ntotalitate de Biroul Comisiei) cu privire la propunerile de consolidare a\nprofilului Comisiei, ca organ de specialitate al UIP; <em>a solicitat<\/em> stabilirea unor condi\u021bii \u0219i criterii de eligibilitate (expertiz\u0103\n\u00een domeniu, angajament personal \u0219i sus\u021binere din partea parlamentului na\u021bional)\ncare s\u0103 fie aplicate, \u00een mod unitar, pentru ocuparea posturilor vacante \u00een\nBirourile tuturor comisiilor permanente ale UIP; <em>a sus\u021binut<\/em> necesitatea particip\u0103rii sistematice a membrilor\nBiroului Comisiei la principalele evenimente globale \u00een domeniu. <\/p>\n\n\n\n<figure class=\"wp-block-image\"><img loading=\"lazy\" decoding=\"async\" width=\"1024\" height=\"768\" src=\"https:\/\/sites.senat.ro\/wp-content\/uploads\/sites\/2\/2019\/12\/Foto2-1024x768.jpg\" alt=\"\" class=\"wp-image-1038\" srcset=\"https:\/\/sites.senat.ro\/wp-content\/uploads\/2019\/12\/Foto2-1024x768.jpg 1024w, https:\/\/sites.senat.ro\/wp-content\/uploads\/2019\/12\/Foto2-300x225.jpg 300w, https:\/\/sites.senat.ro\/wp-content\/uploads\/2019\/12\/Foto2-768x576.jpg 768w, https:\/\/sites.senat.ro\/wp-content\/uploads\/2019\/12\/Foto2-732x549.jpg 732w, https:\/\/sites.senat.ro\/wp-content\/uploads\/2019\/12\/Foto2-1140x855.jpg 1140w, https:\/\/sites.senat.ro\/wp-content\/uploads\/2019\/12\/Foto2.jpg 2016w\" sizes=\"auto, (max-width: 1024px) 100vw, 1024px\" \/><\/figure>\n\n\n\n<p>Cu ocazia dezbaterii privind <em>finan\u021barea ODD \u0219i rolul parlamentelor \u00een\nintegrarea ODD \u00een procesele \u0219i cadrele bugetare<\/em>, dna senator Dinic\u0103 \u0219i-a\ninformat colegii despre lansarea, \u00een luna septembrie a.c., a Hub-ului Global\nprivind Guvernan\u021ba pentru ODD, o ini\u021biativ\u0103 comun\u0103 OECD-PNUD, sus\u021binut\u0103 de\nRom\u00e2nia, Columbia \u0219i Emiratele Arabe Unite. <\/p>\n\n\n\n<p><a href=\"https:\/\/www.ipu.org\/file\/7383\/download\"><strong>Comisia\npentru democra\u021bie \u0219i drepturile omului<\/strong><\/a><strong> <\/strong>a finalizat proiectul\nde rezolu\u021bie cu tema <em>Realizarea\nacoperirii universale cu servicii de s\u0103n\u0103tate p\u00e2n\u0103 \u00een 2030 &#8211; rolul\nparlamentelor \u00een asigurarea dreptului la s\u0103n\u0103tate<\/em>; au aprobat tema\nviitoarei rezolu\u021bii &#8211; <em>Legisla\u021bia global\u0103\npentru combaterea exploat\u0103rii sexuale a minorilor \u00een mediul online<\/em>, pe care\nl-au \u00eenaintat Adun\u0103rii, spre adoptare. <\/p>\n\n\n\n<p><a href=\"https:\/\/www.ipu.org\/file\/7438\/download\"><strong>Comisia pentru Na\u021biunile Unite<\/strong><\/a> a dezb\u0103tut tema <em>Respectarea dreptului interna\u021bional \u00een conformitate cu principiile Cartei\nONU \u0219i alte rezolu\u021bii relevante <\/em>\u0219i a examinat <em>rezultatele studiului UIP privind rela\u021bia dintre parlamente \u0219i\nNa\u021biunile Unite<\/em>.<\/p>\n\n\n\n<p><a href=\"https:\/\/www.ipu.org\/file\/8029\/download\"><strong>Forumul Femeilor\nParlamentare<\/strong><\/a> a abordat, din perspectiva egalit\u0103\u021bii de gen, tema <em>acoperirii universale cu servicii de\ns\u0103n\u0103tate p\u00e2n\u0103 \u00een 2030, <\/em>cu accent pe <em>asigurarea\nunei acoperiri universale cu servicii de s\u0103n\u0103tate care s\u0103 r\u0103spund\u0103 nevoilor\nfemeilor \u0219i fetelor<\/em> \u0219i <em>eliminarea barierelor\njuridice, sociale, economice \u0219i financiare care \u00eempiedic\u0103 accesul femeilor \u0219i\nfetelor la servicii de s\u0103n\u0103tate<\/em>. <\/p>\n\n\n\n<p>Forumul a marcat\ncea de-a 40-a aniversare a Conven\u021biei privind eliminarea tuturor formelor de\ndiscriminare \u00eempotriva femeilor (CEDAW) printr-o dezbatere axat\u0103 pe <em>rolul parlamentelor \u00een eliminarea\ndiscrimin\u0103rii din legisla\u021bie. <\/em>\u00cen acest cadru, dna\nsenator Silvia-Monica Dinic\u0103: <em>a prezentat<\/em>\ncele mai recente evolu\u021bii legislative din Rom\u00e2nia (amendamentele la legile\nprivind prevenirea \u0219i combaterea violen\u021bei domestice \u0219i, respectiv, pentru\negalitatea de \u0219anse \u00eentre b\u0103rba\u021bi \u0219i femei, care prev\u0103d introducerea educa\u021biei\npentru egalitatea de gen, asigurarea, de c\u0103tre autorit\u0103\u021bile locale, a\nfondurilor necesare pentru protec\u021bia victimelor violentei domestice \u0219i sanc\u021bionarea\nmai aspr\u0103 a h\u0103r\u021buirii \u0219i a tuturor formelor de discriminare pe criterii de gen);\nprincipalele prevederi ale noii legi care instituie registrul na\u021bional\nautomatizat cu privire la persoanele care au comis infrac\u021biuni sexuale; <em>a subliniat<\/em> c\u0103 \u00eembun\u0103t\u0103\u021birea legisla\u021biei\nreprezint\u0103 doar primul pas \u00een combaterea eficient\u0103 a discrimin\u0103rii pe criterii\nde gen \u0219i c\u0103, pentru o schimbare real\u0103, parlamentarii trebuie s\u0103 vegheze la\naplicarea corect\u0103 a legilor \u0219i s\u0103 evalueze impactul lor, s\u0103 aloce fondurile\nnecesare \u0219i s\u0103 se implice \u00een sensibilizarea popula\u021biei cu privire la importan\u021ba\negalit\u0103\u021bii de gen; <em>a propus<\/em>\norganizarea unei viitoare dezbateri privind instrumentele, mecanismele, experien\u021bele\n\u0219i bunele practici ale parlamentelor \u0219i parlamentarilor \u00een transpunerea \u00een\npractic\u0103 a legilor care au rolul de a combate discriminarea pe criterii de gen.<\/p>\n\n\n\n<p>Participan\u021bii la lucr\u0103rile <a href=\"https:\/\/www.ipu.org\/file\/7956\/download\"><strong>Forumului Tinerilor\nParlamentari<\/strong><\/a><strong> <\/strong>au\nluat act de m\u0103surile pozitive adoptate \u00een diferite \u021b\u0103ri pentru cre\u0219terea particip\u0103rii\ntinerilor la via\u021ba politic\u0103, \u00een general, \u0219i \u00een parlamentele na\u021bionale, \u00een\nspecial, \u0219i au examinat proiectul de rezolu\u021bie privind <em>acoperirea universal\u0103\ncu servicii de s\u0103n\u0103tate. <\/em><\/p>\n\n\n\n<p>\u00cen interven\u021bia sa, dl deputat\nAndrei Daniel Gheorghe: <em>a subliniat<\/em> necesitatea implic\u0103rii tinerilor\nparlamentari \u00een eforturile viz\u00e2nd realizarea acoperirii universale cu servicii\nde s\u0103n\u0103tate, printr-o colaborare sporit\u0103 cu reprezentan\u021bii executivului, dar \u0219i\ncu societatea civil\u0103 \u0219i mediul academic \u0219i, nu \u00een ultimul r\u00e2nd, printr-un\ndialog nemijlocit cu reprezentan\u021bii sistemului medical, care s\u0103 permit\u0103\nidentificarea celor mai bune solu\u021bii, la nivel local, regional \u0219i mondial; <em>a\nmen\u021bionat<\/em> c\u0103 s\u0103n\u0103tatea public\u0103 \u0219i politicile care \u00eei contureaz\u0103 parcursul\ntrebuie abordate \u00een str\u00e2ns\u0103 corelare cu ceilal\u021bi factori care sus\u021bin o\nsocietate durabil\u0103, precum sustenabilitatea structurii sociale, nivelul de\neduca\u021bie, nivelul de bun\u0103stare, managementul resurselor \u0219i garantarea\nsecurit\u0103\u021bii; <em>a reiterat<\/em> faptul c\u0103 accesul la servicii de s\u0103n\u0103tate este\nun drept fundamental al omului.<\/p>\n","protected":false},"excerpt":{"rendered":"<p>La sesiune au participat delega\u021bii parlamentare din 149 de \u021b\u0103ri membre ale UIP. Din cei aproximativ 750 de parlamentari prezen\u021bi, 63 au fost pre\u0219edin\u021bi \u0219i 57 vicepre\u0219edin\u021bi de parlamente. Din delega\u021bia Rom\u00e2niei, condus\u0103 de dna senator Silvia-Monica Dinic\u0103, au f\u0103cut parte dnii deputa\u021bi Dumitru Gherman, Florin Popa, Andrei Daniel Gheorghe \u0219i Slavoliub Adnagi. \u00cen plenul [&hellip;]<\/p>\n","protected":false},"author":2,"featured_media":0,"comment_status":"closed","ping_status":"open","sticky":false,"template":"","format":"standard","meta":{"ngg_post_thumbnail":0,"footnotes":""},"categories":[3],"tags":[],"class_list":["post-1015","post","type-post","status-publish","format-standard","hentry","category-participare"],"_links":{"self":[{"href":"https:\/\/sites.senat.ro\/index.php?rest_route=\/wp\/v2\/posts\/1015","targetHints":{"allow":["GET"]}}],"collection":[{"href":"https:\/\/sites.senat.ro\/index.php?rest_route=\/wp\/v2\/posts"}],"about":[{"href":"https:\/\/sites.senat.ro\/index.php?rest_route=\/wp\/v2\/types\/post"}],"author":[{"embeddable":true,"href":"https:\/\/sites.senat.ro\/index.php?rest_route=\/wp\/v2\/users\/2"}],"replies":[{"embeddable":true,"href":"https:\/\/sites.senat.ro\/index.php?rest_route=%2Fwp%2Fv2%2Fcomments&post=1015"}],"version-history":[{"count":0,"href":"https:\/\/sites.senat.ro\/index.php?rest_route=\/wp\/v2\/posts\/1015\/revisions"}],"wp:attachment":[{"href":"https:\/\/sites.senat.ro\/index.php?rest_route=%2Fwp%2Fv2%2Fmedia&parent=1015"}],"wp:term":[{"taxonomy":"category","embeddable":true,"href":"https:\/\/sites.senat.ro\/index.php?rest_route=%2Fwp%2Fv2%2Fcategories&post=1015"},{"taxonomy":"post_tag","embeddable":true,"href":"https:\/\/sites.senat.ro\/index.php?rest_route=%2Fwp%2Fv2%2Ftags&post=1015"}],"curies":[{"name":"wp","href":"https:\/\/api.w.org\/{rel}","templated":true}]}}