{"id":1002,"date":"2019-12-04T00:20:24","date_gmt":"2019-12-04T00:20:24","guid":{"rendered":"http:\/\/sites.senat.ro\/?p=1002"},"modified":"2019-12-23T09:21:14","modified_gmt":"2019-12-23T09:21:14","slug":"1002","status":"publish","type":"post","link":"https:\/\/sites.senat.ro\/?p=1002","title":{"rendered":"SESIUNEA SEPTEMBRIE &#8211; DECEMBRIE 2019"},"content":{"rendered":"\n<div class=\"wp-block-image\"><figure class=\"alignleft is-resized\"><img loading=\"lazy\" decoding=\"async\" src=\"https:\/\/sites.senat.ro\/wp-content\/uploads\/sites\/2\/2019\/12\/franta.gif\" alt=\"\" class=\"wp-image-1006\" width=\"153\" height=\"102\" \/><\/figure><\/div>\n\n\n\n<p><strong>12-15 septembrie 2019<\/strong> &#8211; Participarea dnei deputat Simona-Bucura Oprescu, pre\u0219edintele&nbsp;<strong><em>Grupului parlamentar de prietenie Rom\u00e2nia &#8211; Republica Francez\u0103<\/em><\/strong>&nbsp;din Camera Deputa\u021bilor,&nbsp;la cea de-a 18-a edi\u021bie a Serb\u0103rilor Consulare de la Lyon, eveniment consacrat anivers\u0103rii&nbsp;Centenarului Rom\u00e2niei Moderne<\/p>\n","protected":false},"excerpt":{"rendered":"<p>12-15 septembrie 2019 &#8211; Participarea dnei deputat Simona-Bucura Oprescu, pre\u0219edintele&nbsp;Grupului parlamentar de prietenie Rom\u00e2nia &#8211; Republica Francez\u0103&nbsp;din Camera Deputa\u021bilor,&nbsp;la cea de-a 18-a edi\u021bie a Serb\u0103rilor Consulare de la Lyon, eveniment consacrat anivers\u0103rii&nbsp;Centenarului Rom\u00e2niei Moderne<\/p>\n","protected":false},"author":2,"featured_media":0,"comment_status":"closed","ping_status":"open","sticky":false,"template":"","format":"standard","meta":{"ngg_post_thumbnail":0,"footnotes":""},"categories":[10,1],"tags":[],"class_list":["post-1002","post","type-post","status-publish","format-standard","hentry","category-alteactivitati","category-prietenie"],"_links":{"self":[{"href":"https:\/\/sites.senat.ro\/index.php?rest_route=\/wp\/v2\/posts\/1002","targetHints":{"allow":["GET"]}}],"collection":[{"href":"https:\/\/sites.senat.ro\/index.php?rest_route=\/wp\/v2\/posts"}],"about":[{"href":"https:\/\/sites.senat.ro\/index.php?rest_route=\/wp\/v2\/types\/post"}],"author":[{"embeddable":true,"href":"https:\/\/sites.senat.ro\/index.php?rest_route=\/wp\/v2\/users\/2"}],"replies":[{"embeddable":true,"href":"https:\/\/sites.senat.ro\/index.php?rest_route=%2Fwp%2Fv2%2Fcomments&post=1002"}],"version-history":[{"count":0,"href":"https:\/\/sites.senat.ro\/index.php?rest_route=\/wp\/v2\/posts\/1002\/revisions"}],"wp:attachment":[{"href":"https:\/\/sites.senat.ro\/index.php?rest_route=%2Fwp%2Fv2%2Fmedia&parent=1002"}],"wp:term":[{"taxonomy":"category","embeddable":true,"href":"https:\/\/sites.senat.ro\/index.php?rest_route=%2Fwp%2Fv2%2Fcategories&post=1002"},{"taxonomy":"post_tag","embeddable":true,"href":"https:\/\/sites.senat.ro\/index.php?rest_route=%2Fwp%2Fv2%2Ftags&post=1002"}],"curies":[{"name":"wp","href":"https:\/\/api.w.org\/{rel}","templated":true}]}}